{"id":102,"date":"2008-03-15T15:19:00","date_gmt":"2008-03-15T15:19:00","guid":{"rendered":"http:\/\/peresabat.wordpress.com\/2008\/03\/15\/per-ells"},"modified":"2008-03-15T15:19:00","modified_gmt":"2008-03-15T15:19:00","slug":"per-ells","status":"publish","type":"post","link":"https:\/\/www.blocdelsabat.cat\/?p=102","title":{"rendered":"Per ells"},"content":{"rendered":"<div align=\"justify\"><a href=\"http:\/\/3.bp.blogspot.com\/_kjTqSD8ASz4\/R9vpalwnJkI\/AAAAAAAAAGs\/3enVTzlLsBo\/s1600-h\/Bombardeig-BCN.bmp\"><img decoding=\"async\" alt=\"\" src=\"http:\/\/3.bp.blogspot.com\/_kjTqSD8ASz4\/R9vpalwnJkI\/AAAAAAAAAGs\/3enVTzlLsBo\/s200\/Bombardeig-BCN.bmp\" border=\"0\" \/><\/a><br \/><span style=\"font-family:arial;font-size:130%;\">Avui fa 70 anys que la barb\u00e0rie feixista va bombardejar Barcelona iniciant aix\u00ed la macabra acci\u00f3 de bombardejar a la poblaci\u00f3 civil desarmada. <\/span><span style=\"font-family:arial;font-size:130%;\"><\/div>\n<div align=\"justify\">Avui fa 70 anys que la for\u00e7a de les armes intentava esborrar del mapa una societat, un col\u00b7lectiu. Avui fa 70 anys que el poder totalitari intentava ensorrar la voluntat d\u2019un poble a sobreviure. Avui fa 70 anys Barcelona vivia un atac brutal, descarnat, cruel.<br \/>Avui fa 70 anys Barcelona resistia a l\u2019atac feixista. <\/div>\n<div align=\"justify\">Davant dels que volen que s\u2019oblidi, que es passi p\u00e0gina, que es reconsideri el passat, davant d\u2019ells la veritat colpeix com el martell que doblega el ferro rogent. La veritat de la superaci\u00f3 d\u2019un poble per avan\u00e7ar, per no desistir, per no enfonsar-se, per no rendir-se. La veritat de l\u2019orgull dels que van lluitar, dels que van ajudar a construir els refugis per salvar vides innocents. La veritat dels que no van sucumbir a la foscor del feixisme. <\/div>\n<div align=\"justify\">Per tots els m\u00e9s de 700 morts de les bombes feixistes de Barcelona, per tots els que van sofrir el terror totalitari, per tots els que van patir, per tots els que van lluitar, per tots els que van morir.<br \/>Per tots ells tenim el deure de no oblidar, tenim el deure de recordar, tenim el deure de demanar responsabilitats. <\/div>\n<div align=\"justify\">Per ells, tenim el deure de continuar lluitant, per la democr\u00e0cia i per la llibertat.<\/div>\n<div align=\"justify\"><\/span><\/div>\n<div class=\"blogger-post-footer\"><img width='1' height='1' src='https:\/\/blogger.googleusercontent.com\/tracker\/2467933452740288616-4371151741589611565?l=peresabat.blogspot.com' alt='' \/><\/div>\n","protected":false},"excerpt":{"rendered":"<p>Avui fa 70 anys que la barb\u00e0rie feixista va bombardejar Barcelona iniciant aix\u00ed la macabra acci\u00f3 de bombardejar a la poblaci\u00f3 civil desarmada. Avui fa 70 anys que la for\u00e7a de les armes intentava esborrar del mapa una societat, un col\u00b7lectiu. Avui fa 70 anys que el poder totalitari intentava ensorrar la voluntat d\u2019un poble&#8230;<\/p>\n","protected":false},"author":2,"featured_media":0,"comment_status":"open","ping_status":"open","sticky":false,"template":"","format":"standard","meta":{"footnotes":""},"categories":[26],"tags":[],"class_list":["post-102","post","type-post","status-publish","format-standard","hentry","category-uncategorized"],"_links":{"self":[{"href":"https:\/\/www.blocdelsabat.cat\/index.php?rest_route=\/wp\/v2\/posts\/102","targetHints":{"allow":["GET"]}}],"collection":[{"href":"https:\/\/www.blocdelsabat.cat\/index.php?rest_route=\/wp\/v2\/posts"}],"about":[{"href":"https:\/\/www.blocdelsabat.cat\/index.php?rest_route=\/wp\/v2\/types\/post"}],"author":[{"embeddable":true,"href":"https:\/\/www.blocdelsabat.cat\/index.php?rest_route=\/wp\/v2\/users\/2"}],"replies":[{"embeddable":true,"href":"https:\/\/www.blocdelsabat.cat\/index.php?rest_route=%2Fwp%2Fv2%2Fcomments&post=102"}],"version-history":[{"count":0,"href":"https:\/\/www.blocdelsabat.cat\/index.php?rest_route=\/wp\/v2\/posts\/102\/revisions"}],"wp:attachment":[{"href":"https:\/\/www.blocdelsabat.cat\/index.php?rest_route=%2Fwp%2Fv2%2Fmedia&parent=102"}],"wp:term":[{"taxonomy":"category","embeddable":true,"href":"https:\/\/www.blocdelsabat.cat\/index.php?rest_route=%2Fwp%2Fv2%2Fcategories&post=102"},{"taxonomy":"post_tag","embeddable":true,"href":"https:\/\/www.blocdelsabat.cat\/index.php?rest_route=%2Fwp%2Fv2%2Ftags&post=102"}],"curies":[{"name":"wp","href":"https:\/\/api.w.org\/{rel}","templated":true}]}}