{"id":1023,"date":"2010-03-25T23:05:00","date_gmt":"2010-03-25T23:05:00","guid":{"rendered":"http:\/\/peresabat.wordpress.com\/2010\/03\/25\/cas-companys-encara-queda-molt"},"modified":"2010-03-25T23:05:00","modified_gmt":"2010-03-25T23:05:00","slug":"cas-companys-encara-queda-molt","status":"publish","type":"post","link":"https:\/\/www.blocdelsabat.cat\/?p=1023","title":{"rendered":"Cas Companys: Encara Queda Molt"},"content":{"rendered":"<p><a href=\"http:\/\/peresabat.files.wordpress.com\/2010\/03\/companys21.jpg\"><img decoding=\"async\" border=\"0\" alt=\"\" src=\"http:\/\/peresabat.files.wordpress.com\/2010\/03\/companys21.jpg?w=300\" \/><\/a><\/p>\n<div align=\"justify\"><span style=\"font-family:arial;font-size:130%;\">Catalunya \u00e9s un gran pa\u00eds, ho demostra en molts \u00e0mbits diversos com l\u2019economia, la investigaci\u00f3, l\u2019esport, la ci\u00e8ncia, o la literatura on \u00e9s una potencia reconeguda. Catalunya \u00e9s un gran pa\u00eds, i com tot pa\u00eds tamb\u00e9 t\u00e9 una hist\u00f2ria que la dignifica i la fa ser com qualsevol altra gran naci\u00f3 del m\u00f3n. Catalunya \u00e9s un gran pa\u00eds que tamb\u00e9 ha generat grans etapes de la hist\u00f2ria, per exemple van ser els catalans els qui van dominar la mediterr\u00e0nia i van penjar la senyera al Pante\u00f3 d\u2019Atenes durant segles i segles. Catalunya durant tota la seva hist\u00f2ria ha sigut un gran pa\u00eds. I ho continua sent. Catalunya al llarg dels segles ha conegut totes les cares de la hist\u00f2ria, la de la vict\u00f2ria i la de la derrota i en totes elles ha estat capa\u00e7 de construir personatges que han donat la seva vida per els seus ideals. Per els ideals de Catalunya. <\/span><\/div>\n<p><span style=\"font-family:arial;font-size:130%;\"><\/p>\n<div align=\"justify\">Un d\u2019aquests personatge \u00e9s el President m\u00e0rtir Llu\u00eds Companys. Companys, l\u2019\u00fanic president elegit democr\u00e0ticament assassinat per el feixisme a tot Europa, \u00e9s un referent a l\u2019hora d\u2019exemplificar aquest ideal. M\u00e9s enll\u00e0 de les consideracions referents a la seva tasca com a governant, tot catal\u00e0 s\u2019hauria de sentir orgull\u00f3s de pert\u00e0nyer a la naci\u00f3 per la qual Companys mor\u00ed. Companys va ser assassinat per el feixisme espanyol a partir d\u2019una farsa de judici que el va condemnar a mort. <\/div>\n<div align=\"justify\">Des de la recuperaci\u00f3 de les institucions democr\u00e0tiques, el catalanisme pol\u00edtic ha reclamat que es restitueixi la mem\u00f2ria del President i que s\u2019anul\u00b7li el judici que el va condemnar a mort. Per dignitat. <\/div>\n<div align=\"justify\">Aquest dijous s\u2019ha sabut que el Tribunal Suprem ha considerat que el judici ja \u00e9s nul a partir de la fraudulenta Llei de la Mem\u00f2ria Hist\u00f2rica aprovada per el PSOE, CiU i amb el suport del PP en algun punt. <\/div>\n<div align=\"justify\">Aquest nou \u201cpas\u201d del cas Companys \u00e9s realment pat\u00e8tic. Pat\u00e8tic perqu\u00e8 en cap cas un jutge ha anul\u00b7lat el judici, sin\u00f3 que ho han fet en un despatx i interpretant de manera lamentable una llei que no d\u00f3na cobertura a les nul\u00b7litats. <\/div>\n<div align=\"justify\">No entenc com des de certs partits ni des de certs c\u00e0rrecs institucionals es pot donar per bo aquesta declaraci\u00f3 del Suprem. A Companys el va condemnar un jutge, i nom\u00e9s amb la reobertura i revisi\u00f3 del sumari i amb una nova sent\u00e8ncia es podr\u00e0 posar la mem\u00f2ria del President al lloc que toca. <\/div>\n<div align=\"justify\">Per la hist\u00f2ria, per dignitat i per patriotisme cal seguir lluitant perqu\u00e8 la just\u00edcia s\u2019imposi, i la mem\u00f2ria del president restablerta. <\/div>\n<div align=\"justify\"> <\/div>\n<div align=\"justify\"> <\/div>\n<p><\/span><\/p>\n<div class=\"blogger-post-footer\"><img width='1' height='1' src='https:\/\/blogger.googleusercontent.com\/tracker\/2467933452740288616-1957597000100002906?l=peresabat.blogspot.com' alt='' \/><\/div>\n","protected":false},"excerpt":{"rendered":"<p>Catalunya \u00e9s un gran pa\u00eds, ho demostra en molts \u00e0mbits diversos com l\u2019economia, la investigaci\u00f3, l\u2019esport, la ci\u00e8ncia, o la literatura on \u00e9s una potencia reconeguda. Catalunya \u00e9s un gran pa\u00eds, i com tot pa\u00eds tamb\u00e9 t\u00e9 una hist\u00f2ria que la dignifica i la fa ser com qualsevol altra gran naci\u00f3 del m\u00f3n. Catalunya \u00e9s&#8230;<\/p>\n","protected":false},"author":2,"featured_media":0,"comment_status":"open","ping_status":"open","sticky":false,"template":"","format":"standard","meta":{"footnotes":""},"categories":[26],"tags":[],"class_list":["post-1023","post","type-post","status-publish","format-standard","hentry","category-uncategorized"],"_links":{"self":[{"href":"https:\/\/www.blocdelsabat.cat\/index.php?rest_route=\/wp\/v2\/posts\/1023","targetHints":{"allow":["GET"]}}],"collection":[{"href":"https:\/\/www.blocdelsabat.cat\/index.php?rest_route=\/wp\/v2\/posts"}],"about":[{"href":"https:\/\/www.blocdelsabat.cat\/index.php?rest_route=\/wp\/v2\/types\/post"}],"author":[{"embeddable":true,"href":"https:\/\/www.blocdelsabat.cat\/index.php?rest_route=\/wp\/v2\/users\/2"}],"replies":[{"embeddable":true,"href":"https:\/\/www.blocdelsabat.cat\/index.php?rest_route=%2Fwp%2Fv2%2Fcomments&post=1023"}],"version-history":[{"count":0,"href":"https:\/\/www.blocdelsabat.cat\/index.php?rest_route=\/wp\/v2\/posts\/1023\/revisions"}],"wp:attachment":[{"href":"https:\/\/www.blocdelsabat.cat\/index.php?rest_route=%2Fwp%2Fv2%2Fmedia&parent=1023"}],"wp:term":[{"taxonomy":"category","embeddable":true,"href":"https:\/\/www.blocdelsabat.cat\/index.php?rest_route=%2Fwp%2Fv2%2Fcategories&post=1023"},{"taxonomy":"post_tag","embeddable":true,"href":"https:\/\/www.blocdelsabat.cat\/index.php?rest_route=%2Fwp%2Fv2%2Ftags&post=1023"}],"curies":[{"name":"wp","href":"https:\/\/api.w.org\/{rel}","templated":true}]}}