{"id":1024,"date":"2010-03-26T17:47:00","date_gmt":"2010-03-26T17:47:00","guid":{"rendered":"http:\/\/peresabat.wordpress.com\/2010\/03\/26\/unir-dividint"},"modified":"2010-03-26T17:47:00","modified_gmt":"2010-03-26T17:47:00","slug":"unir-dividint","status":"publish","type":"post","link":"https:\/\/www.blocdelsabat.cat\/?p=1024","title":{"rendered":"Unir Dividint"},"content":{"rendered":"<p><a href=\"http:\/\/peresabat.files.wordpress.com\/2010\/03\/carretero-reagrupement1.jpg\"><img decoding=\"async\" border=\"0\" alt=\"\" src=\"http:\/\/peresabat.files.wordpress.com\/2010\/03\/carretero-reagrupement1.jpg?w=195\" \/><\/a><\/p>\n<div align=\"justify\"><span style=\"font-family:arial;font-size:130%;\">\u201cUnir tot l\u2019independentisme\u201d. Aquesta \u00e9s la frase amb qu\u00e8 es va titular la segona assemblea nacional de l\u2019escissi\u00f3 d\u2019Esquerra anomenada Reagrupament. Una afirmaci\u00f3 que tamb\u00e9 va compartir la nova estrella pol\u00edtica del moment, l\u2019actual president del Bar\u00e7a Joan Laporta amb les declaracions posteriors a la seva intervenci\u00f3 al Palau de Congressos.<\/p>\n<p>Primer de tot dir que comparteixo absolutament la sent\u00e8ncia. Per el pa\u00eds el m\u00e9s important \u00e9s que els projectes amb ambici\u00f3, futur i projecci\u00f3 siguin forts, solvents i cre\u00efbles i per tant, l\u2019independentisme que \u00e9s l\u2019\u00fanic projecte pol\u00edtic capa\u00e7 d\u2019engrescar i plantejar un horitz\u00f3 de mirada alta per Catalunya, ha de fer un esfor\u00e7 per representar aquests valors.<\/p>\n<p>Carretero en els dies previs de la seva Assemblea, la que tamb\u00e9 es coneix com la de \u201cla merda ha sortit de dins\u201d, va publicar un article on quatre cinquenes parts es limitava a dir de com malament est\u00e0 Catalunya. No ser\u00e8 jo qui negui que passem un mal moment, per\u00f2 convindria recordar com est\u00e0vem fa uns anys per adonar-se que en molts \u00e0mbits hem millorat. Que podr\u00edem estar millor? S\u00ed, sempre es pot estar millor i fer m\u00e9s b\u00e9 les coses per\u00f2 tanmateix negar que en l\u2019\u00e0mbit nacional s\u2019ha avan\u00e7at crec que nom\u00e9s es pot dir des de qui prefereix estar sempre malament per poder anar-se queixant.<br \/>En l\u2019article i en el desenvolupament de l\u2019Assemblea una de les altres frases recurrents va ser \u201chem de fer entrar l\u2019independentisme al Parlament\u201d. No crec que amb frases com aquestes els reagrupats facin massa favor a l\u2019altra sent\u00e8ncia que no paren de repetir \u201cunir a tot l\u2019independentisme\u201d. Es pot unir al mateix temps que marques una immensa divisi\u00f3? Es pot pretendre posar a tot l\u2019independentisme en un mateix sac mentre que es nega aquesta condici\u00f3 a altres partits que si que tenen representaci\u00f3 al Parlament? Entrar en la ret\u00f2rica del \u201cjo s\u00ed tu no\u201d i del \u201cjo m\u00e9s que tu\u201d nom\u00e9s porta a la marginalitat i a la divisi\u00f3 de forces.<\/p>\n<p>L\u2019altre fet a tenir en compte \u00e9s que per \u201cunir\u201d a tot l\u2019independentisme, Joan Carretero s\u2019aferra a Joan Laporta, un personatge que en aix\u00f2 d\u2019unir no hi t\u00e9 massa tra\u00e7a que diguem. De l\u2019assemblea de fa una setmana en va sortir la impressi\u00f3 que Laporta s\u2019integrava a Reagrupament, avui el president blaugrana afirmava tot el contrari anunciant la creaci\u00f3 del seu propi partit i convidant als seguidors de Carretero a unir-s\u2019hi.<\/p>\n<p>Per unir cal generositat, cal una estrat\u00e8gia global i cal saber de quina manera es pot avan\u00e7ar m\u00e9s perqu\u00e8 l\u2019independentisme tingui el m\u00e0xim nombre de representants al pr\u00f2xim Parlament. Mentre no es pensi en aix\u00f2 i es pretengui ser l\u2019\u00fanic independentista del m\u00f3n, la frase ser\u00e0 la de la merda.<br \/><\/span><\/div>\n<div class=\"blogger-post-footer\"><img width='1' height='1' src='https:\/\/blogger.googleusercontent.com\/tracker\/2467933452740288616-4772370350829365084?l=peresabat.blogspot.com' alt='' \/><\/div>\n","protected":false},"excerpt":{"rendered":"<p>\u201cUnir tot l\u2019independentisme\u201d. Aquesta \u00e9s la frase amb qu\u00e8 es va titular la segona assemblea nacional de l\u2019escissi\u00f3 d\u2019Esquerra anomenada Reagrupament. Una afirmaci\u00f3 que tamb\u00e9 va compartir la nova estrella pol\u00edtica del moment, l\u2019actual president del Bar\u00e7a Joan Laporta amb les declaracions posteriors a la seva intervenci\u00f3 al Palau de Congressos. Primer de tot dir&#8230;<\/p>\n","protected":false},"author":2,"featured_media":0,"comment_status":"open","ping_status":"open","sticky":false,"template":"","format":"standard","meta":{"footnotes":""},"categories":[26],"tags":[],"class_list":["post-1024","post","type-post","status-publish","format-standard","hentry","category-uncategorized"],"_links":{"self":[{"href":"https:\/\/www.blocdelsabat.cat\/index.php?rest_route=\/wp\/v2\/posts\/1024","targetHints":{"allow":["GET"]}}],"collection":[{"href":"https:\/\/www.blocdelsabat.cat\/index.php?rest_route=\/wp\/v2\/posts"}],"about":[{"href":"https:\/\/www.blocdelsabat.cat\/index.php?rest_route=\/wp\/v2\/types\/post"}],"author":[{"embeddable":true,"href":"https:\/\/www.blocdelsabat.cat\/index.php?rest_route=\/wp\/v2\/users\/2"}],"replies":[{"embeddable":true,"href":"https:\/\/www.blocdelsabat.cat\/index.php?rest_route=%2Fwp%2Fv2%2Fcomments&post=1024"}],"version-history":[{"count":0,"href":"https:\/\/www.blocdelsabat.cat\/index.php?rest_route=\/wp\/v2\/posts\/1024\/revisions"}],"wp:attachment":[{"href":"https:\/\/www.blocdelsabat.cat\/index.php?rest_route=%2Fwp%2Fv2%2Fmedia&parent=1024"}],"wp:term":[{"taxonomy":"category","embeddable":true,"href":"https:\/\/www.blocdelsabat.cat\/index.php?rest_route=%2Fwp%2Fv2%2Fcategories&post=1024"},{"taxonomy":"post_tag","embeddable":true,"href":"https:\/\/www.blocdelsabat.cat\/index.php?rest_route=%2Fwp%2Fv2%2Ftags&post=1024"}],"curies":[{"name":"wp","href":"https:\/\/api.w.org\/{rel}","templated":true}]}}