{"id":103,"date":"2008-03-16T15:20:00","date_gmt":"2008-03-16T15:20:00","guid":{"rendered":"http:\/\/peresabat.wordpress.com\/2008\/03\/16\/personatge-de-la-setmana-j-l-rodriguez-zapatero"},"modified":"2008-03-16T15:20:00","modified_gmt":"2008-03-16T15:20:00","slug":"personatge-de-la-setmana-j-l-rodriguez-zapatero","status":"publish","type":"post","link":"https:\/\/www.blocdelsabat.cat\/?p=103","title":{"rendered":"Personatge de la setmana: J.L.Rodr\u00edguez Zapatero"},"content":{"rendered":"<p><a href=\"http:\/\/2.bp.blogspot.com\/_kjTqSD8ASz4\/R90701wnJlI\/AAAAAAAAAG0\/lNFsHMWcDW0\/s1600-h\/zapatero+m\u00c3 .jpg\"><img decoding=\"async\" alt=\"\" src=\"http:\/\/2.bp.blogspot.com\/_kjTqSD8ASz4\/R90701wnJlI\/AAAAAAAAAG0\/lNFsHMWcDW0\/s200\/zapatero+m%C3%A0.jpg\" border=\"0\" \/><\/a><\/p>\n<div align=\"justify\"><span style=\"font-family:arial;font-size:130%;\">El personatge de la setmana no pot ser cap altre que Jos\u00e9 Luis Rodriguez Zapatero, altrament conegut per la &#8220;marassa&#8221; de la Catalunya optimista, com a &#8220;<em>el Jos\u00e9&#8221;.<\/em><\/span><\/div>\n<p><span style=\"font-family:arial;font-size:130%;\"><\/p>\n<div align=\"justify\">Zapatero va guanyar diumenge passat les eleccions a Corts espanyoles esdevenint el primer cap de govern espanyol que no guanya per les seg\u00fcents eleccions amb majoria absoluta des d\u2019Adolfo Suarez.<br \/>Tot i aquest fet ZPopins s\u2019enfronta en una legislatura on la recessi\u00f3 econ\u00f2mica far\u00e0 acte de pres\u00e8ncia i on el debat territorial continuar\u00e0 present. El terrorisme tampoc no deixar\u00e0 de ser part de l\u2019agenda pol\u00edtica com tampoc les relacions internacionals.<br \/>Zapatero ha arribat de nou a La Moncloa gr\u00e0cies al suport massiu dels catalans i catalanes que han picat amb la por per la tornada dels &#8220;<em>gores<\/em>&#8221; del PP. Ho hauria de tenir present. Ara ja no pot enganyar ning\u00fa amb preteses <em>&#8220;espa\u00f1as plurales&#8221;,<\/em> ha demostrat que <em>&#8220;de espa\u00f1a s\u00f3lo hay una&#8221;.<\/em> Quedem entesos.<\/div>\n<div align=\"justify\">Zapatero en els pr\u00f2xims quatre anys haur\u00e0 de conv\u00e8ncer, no en t\u00e9 prou en no fer-ho malament, ara haur\u00e0 d\u2019agradar. Per\u00f2 clar,  tenin un electorat tant, tant cr\u00edtic com el seu, que fins i tot votarien a Caterina Mieres i a sobre els semblaria una bona Presidenta del <em>&#8220;Gobierno de Espa\u00f1a&#8221;<\/em> , no es pot demanar gaire.<br \/><\/span><\/div>\n<div class=\"blogger-post-footer\"><img width='1' height='1' src='https:\/\/blogger.googleusercontent.com\/tracker\/2467933452740288616-3028568450182940732?l=peresabat.blogspot.com' alt='' \/><\/div>\n","protected":false},"excerpt":{"rendered":"<p>El personatge de la setmana no pot ser cap altre que Jos\u00e9 Luis Rodriguez Zapatero, altrament conegut per la &#8220;marassa&#8221; de la Catalunya optimista, com a &#8220;el Jos\u00e9&#8221;. Zapatero va guanyar diumenge passat les eleccions a Corts espanyoles esdevenint el primer cap de govern espanyol que no guanya per les seg\u00fcents eleccions amb majoria absoluta&#8230;<\/p>\n","protected":false},"author":2,"featured_media":0,"comment_status":"open","ping_status":"open","sticky":false,"template":"","format":"standard","meta":{"footnotes":""},"categories":[26],"tags":[],"class_list":["post-103","post","type-post","status-publish","format-standard","hentry","category-uncategorized"],"_links":{"self":[{"href":"https:\/\/www.blocdelsabat.cat\/index.php?rest_route=\/wp\/v2\/posts\/103","targetHints":{"allow":["GET"]}}],"collection":[{"href":"https:\/\/www.blocdelsabat.cat\/index.php?rest_route=\/wp\/v2\/posts"}],"about":[{"href":"https:\/\/www.blocdelsabat.cat\/index.php?rest_route=\/wp\/v2\/types\/post"}],"author":[{"embeddable":true,"href":"https:\/\/www.blocdelsabat.cat\/index.php?rest_route=\/wp\/v2\/users\/2"}],"replies":[{"embeddable":true,"href":"https:\/\/www.blocdelsabat.cat\/index.php?rest_route=%2Fwp%2Fv2%2Fcomments&post=103"}],"version-history":[{"count":0,"href":"https:\/\/www.blocdelsabat.cat\/index.php?rest_route=\/wp\/v2\/posts\/103\/revisions"}],"wp:attachment":[{"href":"https:\/\/www.blocdelsabat.cat\/index.php?rest_route=%2Fwp%2Fv2%2Fmedia&parent=103"}],"wp:term":[{"taxonomy":"category","embeddable":true,"href":"https:\/\/www.blocdelsabat.cat\/index.php?rest_route=%2Fwp%2Fv2%2Fcategories&post=103"},{"taxonomy":"post_tag","embeddable":true,"href":"https:\/\/www.blocdelsabat.cat\/index.php?rest_route=%2Fwp%2Fv2%2Ftags&post=103"}],"curies":[{"name":"wp","href":"https:\/\/api.w.org\/{rel}","templated":true}]}}