{"id":1047,"date":"2010-04-19T15:57:00","date_gmt":"2010-04-19T15:57:00","guid":{"rendered":"http:\/\/peresabat.wordpress.com\/2010\/04\/19\/el-rei-i-la-confederacio-interplanetaria"},"modified":"2010-04-19T15:57:00","modified_gmt":"2010-04-19T15:57:00","slug":"el-rei-i-la-confederacio-interplanetaria","status":"publish","type":"post","link":"https:\/\/www.blocdelsabat.cat\/?p=1047","title":{"rendered":"El Rei i la Confederaci\u00f3 Interplanet\u00e0ria"},"content":{"rendered":"<p><a href=\"http:\/\/peresabat.files.wordpress.com\/2010\/04\/mart1.jpg\"><img decoding=\"async\" src=\"http:\/\/peresabat.files.wordpress.com\/2010\/04\/mart1.jpg?w=300\" alt=\"\" border=\"0\" \/><\/a><br \/>\n<br \/><!--[if gte mso 9]&gt;     Normal   0         21         false   false   false      ES   X-NONE   X-NONE                                                     MicrosoftInternetExplorer4                                                   &lt;![endif]--><!--[if gte mso 9]&gt;                                                                                                                                                                                                                                                                                                                                                                                                                                &lt;![endif]--> <!--  \/* Font Definitions *\/  @font-face \t{font-family:\"Cambria Math\"; \tpanose-1:0 0 0 0 0 0 0 0 0 0; \tmso-font-charset:1; \tmso-generic-font-family:roman; \tmso-font-format:other; \tmso-font-pitch:variable; \tmso-font-signature:0 0 0 0 0 0;} @font-face \t{font-family:Calibri; \tpanose-1:2 15 5 2 2 2 4 3 2 4; \tmso-font-charset:0; \tmso-generic-font-family:swiss; \tmso-font-pitch:variable; \tmso-font-signature:-1610611985 1073750139 0 0 159 0;}  \/* Style Definitions *\/  p.MsoNormal, li.MsoNormal, div.MsoNormal \t{mso-style-unhide:no; \tmso-style-qformat:yes; \tmso-style-parent:\"\"; \tmargin-top:0cm; \tmargin-right:0cm; \tmargin-bottom:10.0pt; \tmargin-left:0cm; \tline-height:115%; \tmso-pagination:widow-orphan; \tfont-size:11.0pt; \tfont-family:\"Calibri\",\"sans-serif\"; \tmso-ascii-font-family:Calibri; \tmso-ascii-theme-font:minor-latin; \tmso-fareast-font-family:Calibri; \tmso-fareast-theme-font:minor-latin; \tmso-hansi-font-family:Calibri; \tmso-hansi-theme-font:minor-latin; \tmso-bidi-font-family:\"Times New Roman\"; \tmso-bidi-theme-font:minor-bidi; \tmso-fareast-language:EN-US;} .MsoChpDefault \t{mso-style-type:export-only; \tmso-default-props:yes; \tmso-ascii-font-family:Calibri; \tmso-ascii-theme-font:minor-latin; \tmso-fareast-font-family:Calibri; \tmso-fareast-theme-font:minor-latin; \tmso-hansi-font-family:Calibri; \tmso-hansi-theme-font:minor-latin; \tmso-bidi-font-family:\"Times New Roman\"; \tmso-bidi-theme-font:minor-bidi; \tmso-fareast-language:EN-US;} .MsoPapDefault \t{mso-style-type:export-only; \tmargin-bottom:10.0pt; \tline-height:115%;} @page Section1 \t{size:612.0pt 792.0pt; \tmargin:70.85pt 3.0cm 70.85pt 3.0cm; \tmso-header-margin:36.0pt; \tmso-footer-margin:36.0pt; \tmso-paper-source:0;} div.Section1 \t{page:Section1;} --> <!--[if gte mso 10]&gt;   \/* Style Definitions *\/  table.MsoNormalTable \t{mso-style-name:\"Taula normal\"; \tmso-tstyle-rowband-size:0; \tmso-tstyle-colband-size:0; \tmso-style-noshow:yes; \tmso-style-priority:99; \tmso-style-qformat:yes; \tmso-style-parent:\"\"; \tmso-padding-alt:0cm 5.4pt 0cm 5.4pt; \tmso-para-margin-top:0cm; \tmso-para-margin-right:0cm; \tmso-para-margin-bottom:10.0pt; \tmso-para-margin-left:0cm; \tline-height:115%; \tmso-pagination:widow-orphan; \tfont-size:11.0pt; \tfont-family:\"Calibri\",\"sans-serif\"; \tmso-ascii-font-family:Calibri; \tmso-ascii-theme-font:minor-latin; \tmso-hansi-font-family:Calibri; \tmso-hansi-theme-font:minor-latin; \tmso-fareast-language:EN-US;}  &lt;![endif]-->  <\/p>\n<p style=\"text-align:justify;font-family:arial;\" class=\"MsoNormal\"><span style=\"font-size:130%;\"><span lang=\"CA\">Fa uns dies el President Obama va anunciar una decisi\u00f3 que ha causat certa controv\u00e8rsia i debat, ja que<span>  <\/span>en un discurs des d\u2019unes de les instal\u00b7lacions de la NASA<span>  <\/span>a Florida, va dir solemnement que l\u2019home no tornaria a la lluna, per\u00f2 que en canvi provaria d\u2019anar a Mart a partir d\u2019aqu\u00ed un parell de d\u00e8cades.<\/span><\/span><\/p>\n<div style=\"text-align:justify;font-family:arial;\">  <\/div>\n<p style=\"text-align:justify;font-family:arial;\" class=\"MsoNormal\"><span style=\"font-size:130%;\"><span lang=\"CA\">Sens dubte l\u2019objectiu de que l\u2019home posi els peus al planeta vermell \u00e9s un repte emocionant i en certa manera m\u00e9s propi de les novel\u00b7les de Jules Verne que de la racionalitat del President de la primera potencia mundial, per\u00f2 com en tants aparells estrafolaris imaginats per l\u2019il\u00b7lustre escriptor, per qu\u00e8 no pot arribar l\u2019home a Mart? <\/span><\/span><\/p>\n<div style=\"text-align:justify;font-family:arial;\">  <\/div>\n<p style=\"text-align:justify;font-family:arial;\" class=\"MsoNormal\"><span style=\"font-size:130%;\"><span lang=\"CA\">Una de les funcions que haur\u00e0 de determinar la pr\u00f2xima missi\u00f3 tripulada a Mart per all\u00e0 el 2030, imagino, ser\u00e0 corroborar, o no, s\u00ed hi ha vida en aquell lluny\u00e0 planeta. Vida, no dic humana per\u00f2 vida al cap i a la fi, perqu\u00e8 no ens posarem ara a negar que un bacteri \u00e9s no-vida, oi? Per\u00f2 posats a imaginar, imaginem en la hipot\u00e8tica, molt hipot\u00e8tica, possibilitat de qu\u00e8 a Mart hi hagu\u00e9s algun tipus d\u2019exist\u00e8ncia d\u2019humana, de quina manera actuar\u00edem? Far\u00edem com van fer els europeus a l\u2019Afric\u00e0? Far\u00edem com els espanyols a Am\u00e8rica Llatina? \u00c9s a dir, intentar\u00edem exterminar-los? O potser seria al rev\u00e9s. Haur\u00edem de lluitar tots plegats per no caure a les mans dels extraterrestres dolents de Mart?<\/span><\/span><\/p>\n<div style=\"text-align:justify;font-family:arial;\">  <\/div>\n<p style=\"text-align:justify;font-family:arial;\" class=\"MsoNormal\"><span style=\"font-size:130%;\"><span lang=\"CA\">Buff&#8230; no ho s\u00e9&#8230; potser hi hauria un terme mitj\u00e0, no? Potser entre tots seriem capa\u00e7os de trobar un artefacte, inestable o no, que ens permet\u00e9s una m\u00ednima entesa amb aquests extraterrestres&#8230; No ho s\u00e9&#8230; Per\u00f2 el que si que es podria mirar de fer \u00e9s d\u2019enviar alg\u00fa per tal d\u2019arribar a aquest punt mitj\u00e0. Aquest alg\u00fa per\u00f2 hauria de ser una persona capa\u00e7 de pensar en relacions impossibles, de pensar que, tot i proposar una possible entesa amb aquests extraterrestres, aquests no tenen perqu\u00e8 entendre la proposta. M\u2019explicar\u00e9. Per exemple, si els hi propos\u00e9ssim formar una uni\u00f3 confederal de planetes intersolars ells potser no voldrien confederar-se amb nosaltres&#8230; i si de uni\u00f3 federal parl\u00e9ssim menys encara, car, dos no es federen si un no vol. Crec, amb sinceritat, que aquesta missi\u00f3 diplom\u00e0tica que busqu\u00e9s una entesa amb aquests extraterrestres de Mart est\u00e0 abocada al frac\u00e0s, perqu\u00e8 ni ells es voldrien federar i molt menys confederar. Ells, suposo, estarien encantats de la vida amb el seu planeta i es clar, que els hi vinguin uns terr\u00edcoles a plantejar unes relacions m\u00e9s pr\u00f2pies d\u2019un manual del trapezista del Cirque du Solei que de relacions interplanet\u00e0ries., com que no els faria massa gr\u00e0cies. Aix\u00ed ells, i nosaltres, continuarem essent independents. <\/span><\/span><\/p>\n<div style=\"text-align:justify;font-family:arial;\">  <\/div>\n<p style=\"text-align:justify;font-family:arial;\" class=\"MsoNormal\"><span style=\"font-size:130%;\"><span lang=\"CA\">Amb tot, per\u00f2, sempre hi hauria alg\u00fa que per estar en l\u2019ambig\u00fcitat total sortiria amb la idea de proclamar-se rei interplanetari,tot i que fos amb m\u00e0scara. <\/span><\/span><\/p>\n<div style=\"text-align:justify;font-family:arial;\">  <\/div>\n<p style=\"text-align:justify;font-family:arial;\" class=\"MsoNormal\"><span style=\"font-size:130%;\"><span lang=\"CA\"> <\/span><\/span><\/p>\n<div class=\"blogger-post-footer\"><img width='1' height='1' src='https:\/\/blogger.googleusercontent.com\/tracker\/2467933452740288616-5789527229034285234?l=peresabat.blogspot.com' alt='' \/><\/div>\n","protected":false},"excerpt":{"rendered":"<p>Fa uns dies el President Obama va anunciar una decisi\u00f3 que ha causat certa controv\u00e8rsia i debat, ja que en un discurs des d\u2019unes de les instal\u00b7lacions de la NASA a Florida, va dir solemnement que l\u2019home no tornaria a la lluna, per\u00f2 que en canvi provaria d\u2019anar a Mart a partir d\u2019aqu\u00ed un parell&#8230;<\/p>\n","protected":false},"author":2,"featured_media":0,"comment_status":"open","ping_status":"open","sticky":false,"template":"","format":"standard","meta":{"footnotes":""},"categories":[26],"tags":[],"class_list":["post-1047","post","type-post","status-publish","format-standard","hentry","category-uncategorized"],"_links":{"self":[{"href":"https:\/\/www.blocdelsabat.cat\/index.php?rest_route=\/wp\/v2\/posts\/1047","targetHints":{"allow":["GET"]}}],"collection":[{"href":"https:\/\/www.blocdelsabat.cat\/index.php?rest_route=\/wp\/v2\/posts"}],"about":[{"href":"https:\/\/www.blocdelsabat.cat\/index.php?rest_route=\/wp\/v2\/types\/post"}],"author":[{"embeddable":true,"href":"https:\/\/www.blocdelsabat.cat\/index.php?rest_route=\/wp\/v2\/users\/2"}],"replies":[{"embeddable":true,"href":"https:\/\/www.blocdelsabat.cat\/index.php?rest_route=%2Fwp%2Fv2%2Fcomments&post=1047"}],"version-history":[{"count":0,"href":"https:\/\/www.blocdelsabat.cat\/index.php?rest_route=\/wp\/v2\/posts\/1047\/revisions"}],"wp:attachment":[{"href":"https:\/\/www.blocdelsabat.cat\/index.php?rest_route=%2Fwp%2Fv2%2Fmedia&parent=1047"}],"wp:term":[{"taxonomy":"category","embeddable":true,"href":"https:\/\/www.blocdelsabat.cat\/index.php?rest_route=%2Fwp%2Fv2%2Fcategories&post=1047"},{"taxonomy":"post_tag","embeddable":true,"href":"https:\/\/www.blocdelsabat.cat\/index.php?rest_route=%2Fwp%2Fv2%2Ftags&post=1047"}],"curies":[{"name":"wp","href":"https:\/\/api.w.org\/{rel}","templated":true}]}}