{"id":1048,"date":"2010-04-21T15:41:00","date_gmt":"2010-04-21T15:41:00","guid":{"rendered":"http:\/\/peresabat.wordpress.com\/2010\/04\/21\/ai-daquell-que-ens-enterri"},"modified":"2010-04-21T15:41:00","modified_gmt":"2010-04-21T15:41:00","slug":"ai-daquell-que-ens-enterri","status":"publish","type":"post","link":"https:\/\/www.blocdelsabat.cat\/?p=1048","title":{"rendered":"Ai d&#8217;Aquell Que Ens Enterri!"},"content":{"rendered":"<p><a href=\"http:\/\/peresabat.files.wordpress.com\/2010\/04\/campnou1.jpg\"><img decoding=\"async\" border=\"0\" alt=\"\" src=\"http:\/\/peresabat.files.wordpress.com\/2010\/04\/campnou1.jpg?w=300\" \/><\/a><\/p>\n<div align=\"justify\"><span style=\"font-family:arial;font-size:130%;\">Diu que estan acabats. Diuen que el cicle s\u2019ha acabat, que ja n\u2019hi ha prou. Que no m\u00e9s, gr\u00e0cies. Diuen que els han humiliat, que han trobat l\u2019ant\u00eddot, que ja els saben parar. Diuen que s\u2019ha acabat, que l\u2019ordre torna per establir-se per sempre. Diuen que all\u00f2 que \u00e9s bonic no pot durar molt. Diuen. Diuen. <\/span><\/div>\n<p><span style=\"font-family:arial;font-size:130%;\"><\/p>\n<div align=\"justify\">Arran de la derrota d\u2019ahir, molts diuen. Ahir es va perdre una bona ocasi\u00f3 per sentenciar l\u2019eliminat\u00f2ria. Ahir es va perdre el primer round d\u2019un partit de 180 minuts, per\u00f2 nom\u00e9s aix\u00f2, no m\u00e9s. Al Giuseppe Meazza el Bar\u00e7a va jugar un mal partit, i principalment \u00e9s per aix\u00f2 que va perdre. No ens enganyem. Quan es perden tantes i tantes pilotes al mig davant d\u2019un equip que es pot resumir amb la paraula \u201ccontra-atac\u201d, es paga, i ahir es va pagar. Perdre principalment per errors propis, per\u00f2, no hauria de fer-nos oblidar el qu\u00e8 va passar. Ahir hi va haver un robatori en tota regla. No es pot permetre, i menys en organismes pretesament seriosos com la UEFA, que en una semifinal de la millor competici\u00f3 del m\u00f3n, la de m\u00e9s prestigi, la que t\u00e9 els millors equips del moment, es permeti el luxe de qu\u00e8 un energumen com Olegario Benqueren\u00e7a xiuli un partit de la manera com ho va fer. No tinc res en contra dels portuguesos, per\u00f2 home, que un \u00e0rbitre que abans del partit ha reconegut que \u00e9s amic de Mourinho&#8230; home&#8230; no deixa de ser per fer-s\u2019ho mirar tot plegat&#8230; <\/div>\n<div align=\"justify\">Que el Bar\u00e7a ho tindria tot molt, molt, molt dif\u00edcil per tal d\u2019arribar a guanyar qualsevol t\u00edtol aquest any, ho sab\u00edem, de fet, si no es disputa la final de Copa \u00e9s perqu\u00e8 un altre indocumentat va anular un gol legal a Bojan contra el Sevilla per una falta d\u2019Ibra que encara ara nom\u00e9s va veure el col\u2022legiat. Guardiola ho diu sempre: el qu\u00e8 ha aconseguit aquest equip amb tot, absolutament tot en contra \u00e9s espectacular. Ara per\u00f2 hi ha aquest grau mes de dificultat, ara hi ha aquesta remor de tupinada tant a la corrupte Espanya, com tamb\u00e9 a la UEFA de Plattini. <\/div>\n<div align=\"justify\">Diuen que estan acabats. Que diguin. Que diguin perqu\u00e8 queden 90 minuts. 90 minuts! I al Camp Nou. Queden 90 minuts per la remuntada. I remuntarem. Podem guanyar, podem eliminar l\u2019Inter de Mourinho que sembla que cada dia que passa estigui fent el seu particular \u201cOperaci\u00f3n Triunfo\u201d per poder ser l\u2019entrenador dels blancs l\u2019any que ve. Queden 90 minuts, que s\u00f3n tot un m\u00f3n per donar la volta a l\u2019eliminat\u00f2ria. I a veure, no ens ha donat aquest equip motius suficients per creure en ell? No ens han demostrat aquests jugadors que en els moments claus sempre, sempre responen? No ens ha deixat amb la boca oberta Guardiola amb els seus plantejaments que fan revolucionar els partits? No hem demostrat altes vegades el qu\u00e8 som? Doncs si juguem com el que som, passarem. Si animem com el que som, passarem. Si fem com el que som, serem a Madrid. Madrid \u00e9s a dos gols. No serem capa\u00e7os de fer dos gols a l\u2019Inter? <\/div>\n<div align=\"justify\">Diuen que estem acabats. Que diguin, ja els explicarem com \u00e9s el vestuari visitant del Santiago Bernab\u00e9u. Dimecres toca remuntada! <\/div>\n<div align=\"justify\"> <\/div>\n<div align=\"justify\"> <\/div>\n<p><\/span><\/p>\n<div class=\"blogger-post-footer\"><img width='1' height='1' src='https:\/\/blogger.googleusercontent.com\/tracker\/2467933452740288616-2192358008468145602?l=peresabat.blogspot.com' alt='' \/><\/div>\n","protected":false},"excerpt":{"rendered":"<p>Diu que estan acabats. Diuen que el cicle s\u2019ha acabat, que ja n\u2019hi ha prou. Que no m\u00e9s, gr\u00e0cies. Diuen que els han humiliat, que han trobat l\u2019ant\u00eddot, que ja els saben parar. Diuen que s\u2019ha acabat, que l\u2019ordre torna per establir-se per sempre. Diuen que all\u00f2 que \u00e9s bonic no pot durar molt. Diuen&#8230;.<\/p>\n","protected":false},"author":2,"featured_media":0,"comment_status":"open","ping_status":"open","sticky":false,"template":"","format":"standard","meta":{"footnotes":""},"categories":[26],"tags":[],"class_list":["post-1048","post","type-post","status-publish","format-standard","hentry","category-uncategorized"],"_links":{"self":[{"href":"https:\/\/www.blocdelsabat.cat\/index.php?rest_route=\/wp\/v2\/posts\/1048","targetHints":{"allow":["GET"]}}],"collection":[{"href":"https:\/\/www.blocdelsabat.cat\/index.php?rest_route=\/wp\/v2\/posts"}],"about":[{"href":"https:\/\/www.blocdelsabat.cat\/index.php?rest_route=\/wp\/v2\/types\/post"}],"author":[{"embeddable":true,"href":"https:\/\/www.blocdelsabat.cat\/index.php?rest_route=\/wp\/v2\/users\/2"}],"replies":[{"embeddable":true,"href":"https:\/\/www.blocdelsabat.cat\/index.php?rest_route=%2Fwp%2Fv2%2Fcomments&post=1048"}],"version-history":[{"count":0,"href":"https:\/\/www.blocdelsabat.cat\/index.php?rest_route=\/wp\/v2\/posts\/1048\/revisions"}],"wp:attachment":[{"href":"https:\/\/www.blocdelsabat.cat\/index.php?rest_route=%2Fwp%2Fv2%2Fmedia&parent=1048"}],"wp:term":[{"taxonomy":"category","embeddable":true,"href":"https:\/\/www.blocdelsabat.cat\/index.php?rest_route=%2Fwp%2Fv2%2Fcategories&post=1048"},{"taxonomy":"post_tag","embeddable":true,"href":"https:\/\/www.blocdelsabat.cat\/index.php?rest_route=%2Fwp%2Fv2%2Ftags&post=1048"}],"curies":[{"name":"wp","href":"https:\/\/api.w.org\/{rel}","templated":true}]}}