{"id":1053,"date":"2010-04-24T20:25:00","date_gmt":"2010-04-24T20:25:00","guid":{"rendered":"http:\/\/peresabat.wordpress.com\/2010\/04\/24\/samaranch-no-va-neixer-al-1986"},"modified":"2010-04-24T20:25:00","modified_gmt":"2010-04-24T20:25:00","slug":"samaranch-no-va-neixer-al-1986","status":"publish","type":"post","link":"https:\/\/www.blocdelsabat.cat\/?p=1053","title":{"rendered":"Samaranch No Va N\u00e9ixer al 1986"},"content":{"rendered":"<p><a href=\"http:\/\/peresabat.files.wordpress.com\/2010\/04\/ss-samaranch-salutacio1.jpg\"><img decoding=\"async\" border=\"0\" alt=\"\" src=\"http:\/\/peresabat.files.wordpress.com\/2010\/04\/ss-samaranch-salutacio1.jpg?w=300\" \/><\/a><\/p>\n<div align=\"justify\"><span style=\"font-family:arial;font-size:130%;\">Sembla una obvietat, oi? Samaranch va morir el dimecres 21 d\u2019abril a l\u2019edat de 89 anys, per tant \u00e9s d\u2019una evid\u00e8ncia abassegadora que no va n\u00e9ixer l\u2019any 1986. No, Juan Antonio Samaranch va n\u00e9ixer un 17 de juliol de 1920. Una vida, es pot dir, llarga, tant llarga que li ha perm\u00e8s viure com a m\u00ednim dues vides.<\/p>\n<p>La seva mort, com cap, no es pot celebrar, per b\u00e9 que la seva biografia d\u00f3na sobrats elements per com a m\u00ednim no plorar-la.<br \/>La totalitat de la premsa escrita i no escrita de Catalunya i Espanya s\u2019han llen\u00e7at en una cursa semblant a la que els esportius de Madrid dispensen a Florentino P\u00e9rez: adoraci\u00f3 total i absoluta. Sense pal\u00b7liatius i sotmesa.<\/p>\n<p>Des de que es va saber la mort d\u2019aquest ciutad\u00e0, els diferents mitjans han elaborat especials glossant la seva figura i traject\u00f2ria i han catapultat la not\u00edcia com la m\u00e9s destacada de la jornada. Cal sumar-hi a m\u00e9s a m\u00e9s la retransmissi\u00f3 en directe que va fer TV3 de l\u2019enterrament a la catedral i de la capella ardent.<br \/>Aquests mitjans per\u00f2, han complert a la perfecci\u00f3 el t\u00edtol que porta aquest article. Per ells Samaranch va n\u00e9ixer l\u2019any 1986, l\u2019any en qu\u00e8 Juan Antonio va pronunciar la seva frase m\u00e9s m\u00edtica i recordada: \u201cA la ville de Barcelona\u201d. Aquell dia en la sessi\u00f3 del Comit\u00e8 Ol\u00edmpic Internacional Samaranch va construir la seva salvaci\u00f3 vital per els segles dels segles. A partir d\u2019aquell moment, ning\u00fa s\u2019ha atrevit a recordar, i menys, a publicar.<\/p>\n<p>Abans de 1986, Samaranch vivia? Qu\u00e8 va fer? Qu\u00e8 va ser de la seva vida? Abans de 1986 Samaranch va ser un destacat dirigent del R\u00e8gim Feixista del General Francisco Franco. Abans de 1986 Samaranch va ser president del Comit\u00e8 Ol\u00edmpic Espanyol; Delegat Nacional d\u2019Educaci\u00f3 F\u00edsica i Esports; Procurador a les Corts Franquistes durant 13 anys; i posteriorment President de la Diputaci\u00f3 de Barcelona. Samaranch va ser una camisa blava des dels 17 anys, i dirigent, i per tant c\u00f2mplice, de totes les atrocitats que aquell r\u00e8gim totalitari va ocasionar.<\/p>\n<p>Samaranch ha sigut enterrat amb honors de cap d\u2019estat. Samaranch ha estat enterrat a la catedral de Barcelona com si d\u2019un honorable ciutad\u00e0 es tract\u00e9s. Samaranch va tenir la capella ardent al Palau de la Generalitat, la mateixa Generalitat que el R\u00e8gim feixista de Franco va abolir, prohibir i perseguir amb tot all\u00f2 que representava. Samaranch mai, mai, mai va demanar perd\u00f3 ni es va retractar del qu\u00e8 va fer. Mai va renegar del seu passat feixista.<\/p>\n<p>Com pot ser que doncs que rebi tants homenatges i atencions? A grans trets l\u2019actitud de la gran majoria \u00e9s la continuaci\u00f3 del pacte que va originar l\u2019actual sistema: la transacci\u00f3 i l\u2019oblit. Es va transaccionar de r\u00e8gim mantenint el r\u00e8gim existent, i entre d\u2019altres coses, es va mantenir Samaranch. Tot i que el pacte d\u2019oblit es mantingui intacte, no deixa de ser llastim\u00f3s que entre tots ens llancem a lloar una figura que en el menor dels qualificatius es podria acordar de \u201cdiscutible\u201d. Potser no \u00e9s just fer-li un judici a la totalitat a causa de la seva tasca en el moviment ol\u00edmpic, per\u00f2 el que \u00e9s lamentable s\u00f3n els actes i els honors que ha rebut.<\/p>\n<p>No cal fer una esmena a la totalitat a la seva vida, per\u00f2 si recordar-la al complet, sin\u00f3, m\u00e9s que recordar el que estem fent \u00e9s manipular. I ja ho va dir un alt dirigent d\u2019un R\u00e8gim amic del de Franco i Samaranch: una mentida repetida mil vegades, acaba sent veritat.<\/p>\n<p><\/span><\/div>\n<div class=\"blogger-post-footer\"><img width='1' height='1' src='https:\/\/blogger.googleusercontent.com\/tracker\/2467933452740288616-243916334038885801?l=peresabat.blogspot.com' alt='' \/><\/div>\n","protected":false},"excerpt":{"rendered":"<p>Sembla una obvietat, oi? Samaranch va morir el dimecres 21 d\u2019abril a l\u2019edat de 89 anys, per tant \u00e9s d\u2019una evid\u00e8ncia abassegadora que no va n\u00e9ixer l\u2019any 1986. No, Juan Antonio Samaranch va n\u00e9ixer un 17 de juliol de 1920. Una vida, es pot dir, llarga, tant llarga que li ha perm\u00e8s viure com a&#8230;<\/p>\n","protected":false},"author":2,"featured_media":0,"comment_status":"open","ping_status":"open","sticky":false,"template":"","format":"standard","meta":{"footnotes":""},"categories":[26],"tags":[],"class_list":["post-1053","post","type-post","status-publish","format-standard","hentry","category-uncategorized"],"_links":{"self":[{"href":"https:\/\/www.blocdelsabat.cat\/index.php?rest_route=\/wp\/v2\/posts\/1053","targetHints":{"allow":["GET"]}}],"collection":[{"href":"https:\/\/www.blocdelsabat.cat\/index.php?rest_route=\/wp\/v2\/posts"}],"about":[{"href":"https:\/\/www.blocdelsabat.cat\/index.php?rest_route=\/wp\/v2\/types\/post"}],"author":[{"embeddable":true,"href":"https:\/\/www.blocdelsabat.cat\/index.php?rest_route=\/wp\/v2\/users\/2"}],"replies":[{"embeddable":true,"href":"https:\/\/www.blocdelsabat.cat\/index.php?rest_route=%2Fwp%2Fv2%2Fcomments&post=1053"}],"version-history":[{"count":0,"href":"https:\/\/www.blocdelsabat.cat\/index.php?rest_route=\/wp\/v2\/posts\/1053\/revisions"}],"wp:attachment":[{"href":"https:\/\/www.blocdelsabat.cat\/index.php?rest_route=%2Fwp%2Fv2%2Fmedia&parent=1053"}],"wp:term":[{"taxonomy":"category","embeddable":true,"href":"https:\/\/www.blocdelsabat.cat\/index.php?rest_route=%2Fwp%2Fv2%2Fcategories&post=1053"},{"taxonomy":"post_tag","embeddable":true,"href":"https:\/\/www.blocdelsabat.cat\/index.php?rest_route=%2Fwp%2Fv2%2Ftags&post=1053"}],"curies":[{"name":"wp","href":"https:\/\/api.w.org\/{rel}","templated":true}]}}