{"id":1069,"date":"2010-05-03T15:08:00","date_gmt":"2010-05-03T15:08:00","guid":{"rendered":"http:\/\/peresabat.wordpress.com\/2010\/05\/03\/sacaba-la-calma"},"modified":"2010-05-03T15:08:00","modified_gmt":"2010-05-03T15:08:00","slug":"sacaba-la-calma","status":"publish","type":"post","link":"https:\/\/www.blocdelsabat.cat\/?p=1069","title":{"rendered":"S&#8217;acaba la Calma"},"content":{"rendered":"<p><a href=\"http:\/\/peresabat.files.wordpress.com\/2010\/05\/eleccions-barc3a7a1.jpg\"><img decoding=\"async\" border=\"0\" alt=\"\" src=\"http:\/\/peresabat.files.wordpress.com\/2010\/05\/eleccions-barc3a7a1.jpg?w=200\" \/><\/a><\/p>\n<div align=\"justify\"><span style=\"font-family:arial;font-size:130%;\">Quan encara falta m\u00e9s d\u2019un mes perqu\u00e8 se celebrin eleccions a la presid\u00e8ncia del Bar\u00e7a l\u2019escenari comen\u00e7a a aclarir-se. Des de que Joan Laporta en un dels seus tics habituals va retirar el suport a la precandidatura que encap\u00e7alava Alfons Godall, el mapa pre-electoral no estava complert, o en tot cas no tenia totes les seves peces sobre la taula. <\/span><\/div>\n<p><span style=\"font-family:arial;font-size:130%;\"><\/p>\n<div align=\"justify\">Ara, en ple mes de maig i quan la lliga est\u00e0 a punt d\u2019acabar-se, queden tres partits en dues setmanes, els posicionaments i les presentacions de les diferents candidatures inicien la marat\u00f3 medi\u00e0tica en busca del minut de gl\u00f2ria, d\u2019aquell instant en qu\u00e8 intentaran resumir tant com puguin el seu missatge, per d\u2019aquesta manera, arribar amb la m\u00e0xima precisi\u00f3 al soci, que \u00e9s qui haur\u00e0 de determinar qui votar i en conseq\u00fc\u00e8ncia, qui ser\u00e0 el pr\u00f2xim President del club.<\/div>\n<div align=\"justify\">El que es pot intuir, de moment ja que tot pot canviar d\u2019un dia per l\u2019altre, \u00e9s que en aquestes eleccions el que es discutir\u00e0 ser\u00e0 majorit\u00e0riament el model de club. Sembla que ha passat a la hist\u00f2ria aquell model d\u2019eleccions en que guanyava qui portava el jugador m\u00e9s espectacular possible, com per exemple va passar al 2003, quan l\u2019equip de Laporta va servir-se de la possibilitat que Beckham vest\u00eds de blaugrana per guanyar les eleccions enfront de la candidatura de Bassat i Guardiola que no van voler anunciar cap jugador. Per tant doncs, aquest 2010 tot sembla indicar que del qu\u00e8 es discutir\u00e0 ser\u00e0 d\u2019economia de club, de model social i de com continuar\/millorar l\u2019apartat esportiu. Una gran millora per cert. <\/div>\n<div align=\"justify\">Encara cap candidatura ha comen\u00e7at a presentar els seus models, per\u00f2 tot i aquest mutisme ja es pot deduir cap a on aniran les mirades de cada grup. Per una banda hi haur\u00e0 els outsiders, els que a priori no pintaran cap paper rellevant en la campanya, encara que no se\u2019ls ha de descartar perqu\u00e8 cal no oblidar la posici\u00f3 de partida de Laporta al 2003. En aquest grup hi hauria Benedito, Plaza, Guix\u00e0 i Salvat, que a falta que presentin clarament el seu projecte, sembla dif\u00edcil que puguin fer-se amb les m\u00e9s de 2000 firmes necess\u00e0ries per ser presents al dia de les votacions. El segon grup seria el de l\u2019oposici\u00f3 total. Aqu\u00ed brilla amb llum pr\u00f2pia Sandro Rosell que tot sembla indicar que encap\u00e7alaria les prefer\u00e8ncies del soci en aquests moments. Rosell , sembla perqu\u00e8 encara tampoc no ha obert boca, representa un projecte d\u2019esmena a la totalitat en qu\u00e8 posa en dubte des del model esportiu, social i econ\u00f2mic llen\u00e7ant m\u00edssils en quan a la credibilitat econ\u00f2mica del club. El tercer grup seria el dels continuistes. Aqu\u00ed tamb\u00e9, finalment, nom\u00e9s hi haur\u00e0 una candidatura sorgida de l\u2019actual Junta de Laporta. Aquesta est\u00e0 liderada per Jaume Ferrer. L\u2019\u00faltim grup a sortir a la llum \u00e9s el del mig entre Rosell i Ferrer. L\u2019aposta que representa Marc Ingla, despr\u00e8s que Soriano hagu\u00e9s de rebutjar ser el cap de llista, pret\u00e9n fer-se amb l\u2019espai entre els del canvi pel canvi i el continuisme per continuisme. <\/div>\n<div align=\"justify\">De moment el mapa electoral est\u00e0 d\u2019aquesta manera, per\u00f2 ben aviat la cosa es comen\u00e7ar\u00e0 a moure i de valent. Aquesta setmana ja s\u2019obriran les primeres seus electorals, les primeres presentacions de programa, els primers actes&#8230; en definitiva, que la calma electoral a can Bar\u00e7a arriba al seu final. <\/div>\n<p><\/p>\n<div align=\"justify\">Comen\u00e7a la campanya.<\/div>\n<p><\/span><\/p>\n<div class=\"blogger-post-footer\"><img width='1' height='1' src='https:\/\/blogger.googleusercontent.com\/tracker\/2467933452740288616-8062322187778838137?l=peresabat.blogspot.com' alt='' \/><\/div>\n","protected":false},"excerpt":{"rendered":"<p>Quan encara falta m\u00e9s d\u2019un mes perqu\u00e8 se celebrin eleccions a la presid\u00e8ncia del Bar\u00e7a l\u2019escenari comen\u00e7a a aclarir-se. Des de que Joan Laporta en un dels seus tics habituals va retirar el suport a la precandidatura que encap\u00e7alava Alfons Godall, el mapa pre-electoral no estava complert, o en tot cas no tenia totes les&#8230;<\/p>\n","protected":false},"author":2,"featured_media":0,"comment_status":"open","ping_status":"open","sticky":false,"template":"","format":"standard","meta":{"footnotes":""},"categories":[26],"tags":[],"class_list":["post-1069","post","type-post","status-publish","format-standard","hentry","category-uncategorized"],"_links":{"self":[{"href":"https:\/\/www.blocdelsabat.cat\/index.php?rest_route=\/wp\/v2\/posts\/1069","targetHints":{"allow":["GET"]}}],"collection":[{"href":"https:\/\/www.blocdelsabat.cat\/index.php?rest_route=\/wp\/v2\/posts"}],"about":[{"href":"https:\/\/www.blocdelsabat.cat\/index.php?rest_route=\/wp\/v2\/types\/post"}],"author":[{"embeddable":true,"href":"https:\/\/www.blocdelsabat.cat\/index.php?rest_route=\/wp\/v2\/users\/2"}],"replies":[{"embeddable":true,"href":"https:\/\/www.blocdelsabat.cat\/index.php?rest_route=%2Fwp%2Fv2%2Fcomments&post=1069"}],"version-history":[{"count":0,"href":"https:\/\/www.blocdelsabat.cat\/index.php?rest_route=\/wp\/v2\/posts\/1069\/revisions"}],"wp:attachment":[{"href":"https:\/\/www.blocdelsabat.cat\/index.php?rest_route=%2Fwp%2Fv2%2Fmedia&parent=1069"}],"wp:term":[{"taxonomy":"category","embeddable":true,"href":"https:\/\/www.blocdelsabat.cat\/index.php?rest_route=%2Fwp%2Fv2%2Fcategories&post=1069"},{"taxonomy":"post_tag","embeddable":true,"href":"https:\/\/www.blocdelsabat.cat\/index.php?rest_route=%2Fwp%2Fv2%2Ftags&post=1069"}],"curies":[{"name":"wp","href":"https:\/\/api.w.org\/{rel}","templated":true}]}}