{"id":1071,"date":"2010-05-08T18:18:00","date_gmt":"2010-05-08T18:18:00","guid":{"rendered":"http:\/\/peresabat.wordpress.com\/2010\/05\/08\/colpisme-constitucional"},"modified":"2010-05-08T18:18:00","modified_gmt":"2010-05-08T18:18:00","slug":"colpisme-constitucional","status":"publish","type":"post","link":"https:\/\/www.blocdelsabat.cat\/?p=1071","title":{"rendered":"Colpisme Constitucional"},"content":{"rendered":"<p><a href=\"http:\/\/peresabat.files.wordpress.com\/2010\/05\/tc1.jpg\"><img decoding=\"async\" border=\"0\" alt=\"\" src=\"http:\/\/peresabat.files.wordpress.com\/2010\/05\/tc1.jpg?w=246\" \/><\/a><\/p>\n<div align=\"justify\"><span style=\"font-family:arial;font-size:130%;\">L\u2019estatut segueix estant al correr\u00f3 de la mort del Tribunal Constitucional i la suposada resposta catalana segueix brillant per la seva abs\u00e8ncia, car, pocs s\u2019atreveixen a plantejar realment una possible sortida a l\u2019atzucac estatutari actual. Escoltar Duran i Lleida proposant un govern de concentraci\u00f3 nacional, espanyol, juntament amb el PP \u00e9s una mostra m\u00e9s de l\u2019ambig\u00fcitat i por que alguns partits pateixen davant d\u2019una situaci\u00f3 inestable, com \u00e9s la que Catalunya est\u00e0 vivint actualment.<\/p>\n<p>Duran i Lleida per\u00f2 \u00e9s coherent. I s\u2019ha d\u2019aplaudir. Ell mai ha negat que \u00e9s espanyol i que li faria molta gr\u00e0cia poder ser ministre. El seu centre de gravetat \u00e9s Espanya. Fant\u00e0stic. Tot \u00e9s respectable, nom\u00e9s faltaria, i per tant tamb\u00e9 que Duran i Lleida vulgui un govern conjunt entre el PSOE, el PP i CiU. Tota una declaraci\u00f3 d\u2019intencions i conviccions, si senyor.<br \/>Aquesta proposta, per\u00f2, \u00e9s si m\u00e9s no una mica incongruent amb el que professa Artur Mas i CiU a Catalunya. Oposici\u00f3 frontal a PSOE i PSC i al govern de Catalunya. Mas acusa al PSC de supeditaci\u00f3 a Espanya i als seus germans del PSOE; Mas acusa al PP d\u2019anticatal\u00e0; Mas demana al PP i PSOE que retirin els recursos contra l\u2019estatut\u2026 Amb tot per\u00f2, Duran vol pactar un govern amb ells. Fant\u00e0stic.<\/p>\n<p>Des de que es va aprovar l\u2019estatut al Parlament de Catalunya, la premsa af\u00ed del partit conservador espanyol, s\u00ed aquell amb qui vol pactar el Duran, no ha parat ni un dia de titllar l\u2019estatut d\u2019intent de cop d\u2019estat per part de Catalunya. Fins i tot despr\u00e8s de la brutal retallada del projecte del Parlament que van realitzar Mas i Zapatero, la meravellosa premsa espanyolista no s\u2019ha cansat en reiterar l\u2019argument: l\u2019estatut \u00e9s un cop d\u2019estat encobert per anorrear la gran p\u00e0tria espanyola.<br \/>B\u00e9, la veritat \u00e9s que no cal perdre ni un segon a contradir aquest pen\u00f3s argument de la dreta cavern\u00edcola, s\u00ed aquells amb qui el Duran vol governar, perqu\u00e8 cau per el seu propi pes. El que s\u00ed que convindria \u00e9s pensar qu\u00e8 pot significar la sent\u00e8ncia de l\u2019estatut per part del Tribunal Constitucional.<\/p>\n<p>El TC quan dictamini sobre l\u2019estatut no nom\u00e9s es pronunciar\u00e0 en relaci\u00f3 a la norma catalana aprovada al 2006. Segons les filtracions que s\u2019han anat coneixen, la sent\u00e8ncia declararia inconstitucionals aspectes que ja estaven en vigor en l\u2019estatut de 1979, com els s\u00edmbols nacionals, per tant tota la legislaci\u00f3 que s\u2019hagi desenvolupat en aquests \u00e0mbits durant prop de 30 anys tamb\u00e9 quedaria anul\u00b7lada. El Tribunal doncs, es pot carregar la jurisprud\u00e8ncia que ell mateix ha creat, a m\u00e9s de posar en entredit el redactat mateix de la Constituci\u00f3. En aquest cas, el cop d\u2019estat, si \u00e9s que n\u2019hi ha, el fa el Tribunal Constitucional.<\/p>\n<p>Espanya amb la sent\u00e8ncia de l\u2019estatut no nom\u00e9s certificar\u00e0 la inviabilitat de l\u2019Espanya federal, sin\u00f3 que tamb\u00e9 posar\u00e0 de manifest que el projecte auton\u00f2mic ha fracassat. Espanya ja no d\u00f3na m\u00e9s de si, fins al punt que arriben a practicar el colpisme per blindar la seva visi\u00f3 estreta, restrictiva, centralista i anticatalana de la seva inviolable Constituci\u00f3.<br \/><\/span><\/div>\n<div class=\"blogger-post-footer\"><img width='1' height='1' src='https:\/\/blogger.googleusercontent.com\/tracker\/2467933452740288616-2934920863655039038?l=peresabat.blogspot.com' alt='' \/><\/div>\n","protected":false},"excerpt":{"rendered":"<p>L\u2019estatut segueix estant al correr\u00f3 de la mort del Tribunal Constitucional i la suposada resposta catalana segueix brillant per la seva abs\u00e8ncia, car, pocs s\u2019atreveixen a plantejar realment una possible sortida a l\u2019atzucac estatutari actual. Escoltar Duran i Lleida proposant un govern de concentraci\u00f3 nacional, espanyol, juntament amb el PP \u00e9s una mostra m\u00e9s de&#8230;<\/p>\n","protected":false},"author":2,"featured_media":0,"comment_status":"open","ping_status":"open","sticky":false,"template":"","format":"standard","meta":{"footnotes":""},"categories":[26],"tags":[],"class_list":["post-1071","post","type-post","status-publish","format-standard","hentry","category-uncategorized"],"_links":{"self":[{"href":"https:\/\/www.blocdelsabat.cat\/index.php?rest_route=\/wp\/v2\/posts\/1071","targetHints":{"allow":["GET"]}}],"collection":[{"href":"https:\/\/www.blocdelsabat.cat\/index.php?rest_route=\/wp\/v2\/posts"}],"about":[{"href":"https:\/\/www.blocdelsabat.cat\/index.php?rest_route=\/wp\/v2\/types\/post"}],"author":[{"embeddable":true,"href":"https:\/\/www.blocdelsabat.cat\/index.php?rest_route=\/wp\/v2\/users\/2"}],"replies":[{"embeddable":true,"href":"https:\/\/www.blocdelsabat.cat\/index.php?rest_route=%2Fwp%2Fv2%2Fcomments&post=1071"}],"version-history":[{"count":0,"href":"https:\/\/www.blocdelsabat.cat\/index.php?rest_route=\/wp\/v2\/posts\/1071\/revisions"}],"wp:attachment":[{"href":"https:\/\/www.blocdelsabat.cat\/index.php?rest_route=%2Fwp%2Fv2%2Fmedia&parent=1071"}],"wp:term":[{"taxonomy":"category","embeddable":true,"href":"https:\/\/www.blocdelsabat.cat\/index.php?rest_route=%2Fwp%2Fv2%2Fcategories&post=1071"},{"taxonomy":"post_tag","embeddable":true,"href":"https:\/\/www.blocdelsabat.cat\/index.php?rest_route=%2Fwp%2Fv2%2Ftags&post=1071"}],"curies":[{"name":"wp","href":"https:\/\/api.w.org\/{rel}","templated":true}]}}