{"id":1090,"date":"2010-06-05T18:21:00","date_gmt":"2010-06-05T18:21:00","guid":{"rendered":"http:\/\/peresabat.wordpress.com\/2010\/06\/05\/espanyolitzacio-adeu-espanya"},"modified":"2010-06-05T18:21:00","modified_gmt":"2010-06-05T18:21:00","slug":"espanyolitzacio-adeu-espanya","status":"publish","type":"post","link":"https:\/\/www.blocdelsabat.cat\/?p=1090","title":{"rendered":"Espanyolitzaci\u00f3? Ad\u00e9u Espanya!"},"content":{"rendered":"<p><a href=\"http:\/\/peresabat.files.wordpress.com\/2010\/06\/tv3-alexandre1.jpg\"><img decoding=\"async\" border=\"0\" alt=\"\" src=\"http:\/\/peresabat.files.wordpress.com\/2010\/06\/tv3-alexandre1.jpg?w=189\" \/><\/a><\/p>\n<div align=\"justify\"><span style=\"font-family:arial;font-size:130%;\">Dijous passat TV3 va ser l\u00edder d\u2019audi\u00e8ncia. Aquest fet tampoc \u00e9s excepcional des de fa un parell d\u2019anys, a m\u00e9s els dijous de la p\u00fablica catalana s\u2019emet Pol\u00f2nia, un dels majors \u00e8xits de la cadena. Aquest passat dijous per\u00f2, Televisi\u00f3 de Catalunya no va emetre Pol\u00f2nia. Dijous TV3 va emetre el documental \u201cAd\u00e9u Espanya?\u201d.<\/p>\n<p>Aquest documental oferia una visi\u00f3 de diferents processos d\u2019independ\u00e8ncia d\u2019arreu del m\u00f3n, concretament tres dins la Uni\u00f3 Europea, Groenl\u00e0ndia, Esc\u00f2cia i Catalunya, i un a l\u2019Am\u00e8rica del Nord, el Quebec.<br \/>Tots quatre pa\u00efsos ofereixen unes caracter\u00edstiques similars: s\u00f3n pa\u00efsos democr\u00e0tics i la voluntat d\u2019independ\u00e8ncia s\u2019expressa \u00fanicament en aquests termes, voluntat que per cert, no para de cr\u00e9ixer. Per\u00f2 aqu\u00ed acaben les coincid\u00e8ncies. Tal i com es va poder observar en el documental, la funci\u00f3 de la llengua no \u00e9s un fet determinant, ja que per exemple la llengua normal a Esc\u00f2cia \u00e9s l\u2019angl\u00e8s. Les funcions que poden dur a terme aquestes nacions sense estat tamb\u00e9 s\u00f3n diferents, unes poden executar per exemple la compet\u00e8ncia d\u2019educaci\u00f3 totalment \u00edntegre a partir del qu\u00e8 dicti el seu parlament, i d\u2019altres es limiten a complementar les directius de l\u2019estat central. O per exemple tampoc s\u2019assemblen en quan a l\u2019aspecte econ\u00f2mic, ja que cap d\u2019elles pateix l\u2019escandal\u00f3s i denunciable expoli fiscal que ha de sofrir Catalunya i que impedeix, com va exposar Germ\u00e0 Bel, que a l\u2019any es puguin fer 200 hospitals per 150.000 persones, una vegada i mitja el TGV Barcelona-Madrid i tantes i tantes altres coses que es podrien tirar endavant amb aquests 20.000 milions d\u2019euros que Espanya ens roba.<\/p>\n<p>Una de les majors difer\u00e8ncies per\u00f2, \u00e9s la vessant democr\u00e0tica. Mentre els representants de Dinamarca, Anglaterra o Canad\u00e0 expressaven que els seus estats acceptarien el resultat que express\u00e9s un refer\u00e8ndum, vinculant o no, d\u2019aquests pa\u00efsos sobre la independ\u00e8ncia, qui analitzava la situaci\u00f3 Catalunya-Espanya posava de manifest que l\u2019estat espanyol no era massa procliu a acceptar el resultat de la consulta. Per\u00f2 a m\u00e9s a m\u00e9s, els entrevistats prominents no nom\u00e9s dels pa\u00efsos que lluiten per la independ\u00e8ncia sin\u00f3 tamb\u00e9 aquells que aposten per seguir dins dels estats actuals, afirmaven que era totalment impossible que els conflictes competencials arribessin als tribunals, ja que aquest fet provocaria una greu crisi institucional. Res m\u00e9s lluny de la realitat de l\u2019estat espanyol. Aquests fets demostren, lamentablement, que Espanya est\u00e0 uns quants esglaons per sota en quan a democr\u00e0cia i acceptaci\u00f3 d\u2019aquesta en comparaci\u00f3 als altres estats europeus.<\/p>\n<p>El documental respon dubtes i d\u00f3na arguments de pes per aquells que no veuen clara la via independentista. El documental doncs, \u00e9s l\u2019exemple genu\u00ed del qu\u00e8 significa una televisi\u00f3 p\u00fablica: el servei p\u00fablic. Tamb\u00e9 amb el documental, i no nom\u00e9s amb el documental, es d\u00f3na carpetada a tots aquells que per interessos particulars o per frustracions o senzillament per mala fe, s\u2019han passat set anys criticant i denunciant una suposada \u201cespanyolitzaci\u00f3\u201d de Televisi\u00f3 de Catalunya. Alg\u00fa s\u2019imagina TV3 emetent aquest mateix documental fa vuit anys? Alg\u00fa s\u2019imagina aquest documental en horari de prime-time en els temps en qu\u00e8 la direcci\u00f3 de TV3 era dirigida per l\u2019ara senador convergent Vilajoana o per qualsevol altre c\u00e0rrec de CiU?<\/p>\n<p>TV3 va oferir un documental rigor\u00f3s i fet amb la m\u00e0xima cura i on nom\u00e9s es van donar arguments cient\u00edfics i demostrables. I ha qui no li agradi, que es torni a mirar el documental a veure si l\u2019ent\u00e9n a la segona.<br \/><\/span><\/div>\n<div class=\"blogger-post-footer\"><img width='1' height='1' src='https:\/\/blogger.googleusercontent.com\/tracker\/2467933452740288616-9043267229448198549?l=peresabat.blogspot.com' alt='' \/><\/div>\n","protected":false},"excerpt":{"rendered":"<p>Dijous passat TV3 va ser l\u00edder d\u2019audi\u00e8ncia. Aquest fet tampoc \u00e9s excepcional des de fa un parell d\u2019anys, a m\u00e9s els dijous de la p\u00fablica catalana s\u2019emet Pol\u00f2nia, un dels majors \u00e8xits de la cadena. Aquest passat dijous per\u00f2, Televisi\u00f3 de Catalunya no va emetre Pol\u00f2nia. Dijous TV3 va emetre el documental \u201cAd\u00e9u Espanya?\u201d. Aquest&#8230;<\/p>\n","protected":false},"author":2,"featured_media":0,"comment_status":"open","ping_status":"open","sticky":false,"template":"","format":"standard","meta":{"footnotes":""},"categories":[26],"tags":[],"class_list":["post-1090","post","type-post","status-publish","format-standard","hentry","category-uncategorized"],"_links":{"self":[{"href":"https:\/\/www.blocdelsabat.cat\/index.php?rest_route=\/wp\/v2\/posts\/1090","targetHints":{"allow":["GET"]}}],"collection":[{"href":"https:\/\/www.blocdelsabat.cat\/index.php?rest_route=\/wp\/v2\/posts"}],"about":[{"href":"https:\/\/www.blocdelsabat.cat\/index.php?rest_route=\/wp\/v2\/types\/post"}],"author":[{"embeddable":true,"href":"https:\/\/www.blocdelsabat.cat\/index.php?rest_route=\/wp\/v2\/users\/2"}],"replies":[{"embeddable":true,"href":"https:\/\/www.blocdelsabat.cat\/index.php?rest_route=%2Fwp%2Fv2%2Fcomments&post=1090"}],"version-history":[{"count":0,"href":"https:\/\/www.blocdelsabat.cat\/index.php?rest_route=\/wp\/v2\/posts\/1090\/revisions"}],"wp:attachment":[{"href":"https:\/\/www.blocdelsabat.cat\/index.php?rest_route=%2Fwp%2Fv2%2Fmedia&parent=1090"}],"wp:term":[{"taxonomy":"category","embeddable":true,"href":"https:\/\/www.blocdelsabat.cat\/index.php?rest_route=%2Fwp%2Fv2%2Fcategories&post=1090"},{"taxonomy":"post_tag","embeddable":true,"href":"https:\/\/www.blocdelsabat.cat\/index.php?rest_route=%2Fwp%2Fv2%2Ftags&post=1090"}],"curies":[{"name":"wp","href":"https:\/\/api.w.org\/{rel}","templated":true}]}}