{"id":1093,"date":"2010-06-06T19:22:00","date_gmt":"2010-06-06T19:22:00","guid":{"rendered":"http:\/\/peresabat.wordpress.com\/2010\/06\/06\/personatge-de-la-setmana-josep-sunyol"},"modified":"2010-06-06T19:22:00","modified_gmt":"2010-06-06T19:22:00","slug":"personatge-de-la-setmana-josep-sunyol","status":"publish","type":"post","link":"https:\/\/www.blocdelsabat.cat\/?p=1093","title":{"rendered":"Personatge de la setmana: Josep Sunyol"},"content":{"rendered":"<p><a href=\"http:\/\/peresabat.files.wordpress.com\/2010\/06\/josep_sunyol1.gif\"><img decoding=\"async\" border=\"0\" alt=\"\" src=\"http:\/\/peresabat.files.wordpress.com\/2010\/06\/josep_sunyol1.gif?w=238\" \/><\/a><\/p>\n<div align=\"justify\"><span style=\"font-family:arial;font-size:130%;\">Aquesta setmana l\u2019atenci\u00f3 medi\u00e0tica referent a la televisi\u00f3 ha estat centrada en el documental de Televisi\u00f3 de Catalunya \u201cAd\u00e9u Espanya?\u201d sobretot per la claredat amb qu\u00e8 exposava els arguments i tamb\u00e9, perqu\u00e8 negar-ho, per les irades cr\u00edtiques dels sectors unionistes que s\u2019han escandalitzat per l\u2019emissi\u00f3 del documental. El \u201cboom\u201d d\u2019aquest documental per\u00f2, ha tingut la conseq\u00fc\u00e8ncia de deixar un altre excel\u00b7lent documental una mica en un segon pla.<\/p>\n<p>Dijous es va estrenar a Bar\u00e7a TV el documental \u201cPresident Sunyol\u201d en qu\u00e8 s\u2019exposava la tr\u00e0gica mort d\u2019aquest incombustible President del Bar\u00e7a assassinat per el feixisme espanyol.<\/p>\n<p>La nostra societat encara t\u00e9 moltes mancances. El silenci imposat des de la Transacci\u00f3 de r\u00e8gim als anys 70 ha significat que l\u2019oblit sigui el nostre pa de cada dia, i l\u2019oblit inexorablement pot portar a base d\u2019ignor\u00e0ncia, a la manipulaci\u00f3 hist\u00f2rica. Un dels episodis m\u00e9s amagats i silenciats de la hist\u00f2ria del Bar\u00e7a \u00e9s la vida de Josep Sunyol, el president del Bar\u00e7a durant el 1935 i 1936.<\/p>\n<p>Josep Sunyol va n\u00e9ixer al 21 de juliol de 1898, un any abans de la fundaci\u00f3 del Bar\u00e7a, en el si d\u2019una fam\u00edlia acomodada propiet\u00e0ria d\u2019unes ind\u00fastries sucreres, que davant el declivi de les ind\u00fastries de la canya de sucre prominents de Cuba, van innovar extraient sucre de la remolatxa.<br \/>Sunyol, gr\u00e0cies en part a tradici\u00f3 familiar, va compaginar el negoci familiar amb l\u2019altra passi\u00f3 que tenia: la premsa. Sunyol va ser l\u2019editor i director d\u2019un dels diaris m\u00e9s populars de la Barcelona de la primeria del segle XX: La Rambla. La Rambla que combinava informacions de caire esportiu i pol\u00edtica va encunyar el lema \u201cesport i ciutadania\u201d, un lema que va resumir la pol\u00edtica esportiva seguida per els governs de la Generalitat sota el lideratge de Maci\u00e0 i Companys.<\/p>\n<p>Sunyol com a director de La Rambla, va ser una de les persones clau per la creaci\u00f3 del mite Maci\u00e0. Gr\u00e0cies a ell i als constants escrits favorables a la figura d\u2019aquell excoronel de l\u2019ex\u00e8rcit, Maci\u00e0 va poder incrementar la, ja gran, popularitat que tenia fet que va resultar clau per la gran vict\u00f2ria d\u2019Esquerra Republicana de Catalunya a les eleccions del 12 d\u2019Abril de 1931.<br \/>Sunyol era profundament catalanista, \u00e9s m\u00e9s, era independentista. Sunyol era liberal, republic\u00e0 i progressista. Aquest arsenal ideol\u00f2gic va fer que es present\u00e9s per Esquerra a les eleccions legislatives a Corts i que sort\u00eds elegit diputat en totes les compteses electorals, sovint sent el diputat m\u00e9s votat fins i tot per davant de Companys o Maci\u00e0.<\/p>\n<p>Josep Sunyol, en l\u2019any que va ser president del Bar\u00e7a va ser capa\u00e7 de sanejar la seva economia, donar un nou impuls social al club i preparar un bon equip. Una de les cr\u00edtiques que des de sectors retrogrades li van fer, va ser de polititzar el club, com si per aix\u00f2 es necessit\u00e9s d\u2019un president per fer-ho. El club estava polititzat des del dia que va n\u00e9ixer, i com a exemple nom\u00e9s cal esmentar el perqu\u00e8 Josep Sunyol es va fer soci del Bar\u00e7a. Durant la dictadura de Primo de Rivera una banda de m\u00fasics va tocar la Marxa Reial, l\u2019himne espanyol, i el camp de les Corts va fer una de les xiulades m\u00e9s grans que mai s\u2019haur\u00e0 fet a l\u2019himne que acompanyava Franco i que ara acompanya al Rei i Zapatero. Gr\u00e0cies a la xiulada, el Camp de les Corts va estar clausurat durant uns mesos. No cal polititzar el Bar\u00e7a, com a molt algun president es pot veure temptat d\u2019adormir-lo.<\/p>\n<p>Sunyol per\u00f2, va veure la seva traject\u00f2ria truncada un 6 d\u2019agost de l\u2019any 1936, quan va ser detingut a la \u201c<em>sierra del Guadarrama<\/em>\u201d al dirigir-se a visitar les tropes republicanes al front.<br \/>Sunyol i els seus acompanyants es van equivocar de zona i van parar a l\u2019\u00e0rea controlada pels feixistes, que els van fer presoners i acte seguit els van afusellar.<\/p>\n<p>La hist\u00f2ria de Josep Sunyol ha estat amagada per els que els fa por que la veritat se s\u00e0piga. La hist\u00f2ria de Josep Sunyol, l\u2019altre president, ha estat enterrada sota un vel de silenci c\u00f2mplice durant molts anys, tamb\u00e9 des de dins del mateix barcelonisme.<\/p>\n<p>La grandesa del Bar\u00e7a precisament \u00e9s la de lluitar per la veritat, i per rescatar i defensar de la manera que com es mereix una figura tant i tant important. L\u2019espanyolisme que durant anys i anys va governar el Bar\u00e7a mai ha de tornar a trepitjar la llotja del Camp Nou, ni que sigui per honrar la mem\u00f2ria de l\u2019altre president afusellat per el feixisme, que tamb\u00e9, \u00e9s un cas \u00fanic a Europa. <\/span><\/div>\n<p><\/p>\n<div><\/div>\n<div class=\"blogger-post-footer\"><img width='1' height='1' src='https:\/\/blogger.googleusercontent.com\/tracker\/2467933452740288616-946130290436244800?l=peresabat.blogspot.com' alt='' \/><\/div>\n","protected":false},"excerpt":{"rendered":"<p>Aquesta setmana l\u2019atenci\u00f3 medi\u00e0tica referent a la televisi\u00f3 ha estat centrada en el documental de Televisi\u00f3 de Catalunya \u201cAd\u00e9u Espanya?\u201d sobretot per la claredat amb qu\u00e8 exposava els arguments i tamb\u00e9, perqu\u00e8 negar-ho, per les irades cr\u00edtiques dels sectors unionistes que s\u2019han escandalitzat per l\u2019emissi\u00f3 del documental. El \u201cboom\u201d d\u2019aquest documental per\u00f2, ha tingut la&#8230;<\/p>\n","protected":false},"author":2,"featured_media":0,"comment_status":"open","ping_status":"open","sticky":false,"template":"","format":"standard","meta":{"footnotes":""},"categories":[26],"tags":[],"class_list":["post-1093","post","type-post","status-publish","format-standard","hentry","category-uncategorized"],"_links":{"self":[{"href":"https:\/\/www.blocdelsabat.cat\/index.php?rest_route=\/wp\/v2\/posts\/1093","targetHints":{"allow":["GET"]}}],"collection":[{"href":"https:\/\/www.blocdelsabat.cat\/index.php?rest_route=\/wp\/v2\/posts"}],"about":[{"href":"https:\/\/www.blocdelsabat.cat\/index.php?rest_route=\/wp\/v2\/types\/post"}],"author":[{"embeddable":true,"href":"https:\/\/www.blocdelsabat.cat\/index.php?rest_route=\/wp\/v2\/users\/2"}],"replies":[{"embeddable":true,"href":"https:\/\/www.blocdelsabat.cat\/index.php?rest_route=%2Fwp%2Fv2%2Fcomments&post=1093"}],"version-history":[{"count":0,"href":"https:\/\/www.blocdelsabat.cat\/index.php?rest_route=\/wp\/v2\/posts\/1093\/revisions"}],"wp:attachment":[{"href":"https:\/\/www.blocdelsabat.cat\/index.php?rest_route=%2Fwp%2Fv2%2Fmedia&parent=1093"}],"wp:term":[{"taxonomy":"category","embeddable":true,"href":"https:\/\/www.blocdelsabat.cat\/index.php?rest_route=%2Fwp%2Fv2%2Fcategories&post=1093"},{"taxonomy":"post_tag","embeddable":true,"href":"https:\/\/www.blocdelsabat.cat\/index.php?rest_route=%2Fwp%2Fv2%2Ftags&post=1093"}],"curies":[{"name":"wp","href":"https:\/\/api.w.org\/{rel}","templated":true}]}}