{"id":1096,"date":"2010-06-10T14:22:00","date_gmt":"2010-06-10T14:22:00","guid":{"rendered":"http:\/\/peresabat.wordpress.com\/2010\/06\/10\/barca-13-j-involucio-o-cercle-virtuos"},"modified":"2010-06-10T14:22:00","modified_gmt":"2010-06-10T14:22:00","slug":"barca-13-j-involucio-o-cercle-virtuos","status":"publish","type":"post","link":"https:\/\/www.blocdelsabat.cat\/?p=1096","title":{"rendered":"Bar\u00e7a 13-J: Involuci\u00f3 o Cercle Virtu\u00f3s"},"content":{"rendered":"<p><a href=\"http:\/\/peresabat.files.wordpress.com\/2010\/06\/mbqm1.jpg\"><img decoding=\"async\" border=\"0\" alt=\"\" src=\"http:\/\/peresabat.files.wordpress.com\/2010\/06\/mbqm1.jpg?w=264\" \/><\/a><\/p>\n<div align=\"justify\"><span style=\"font-family:arial;font-size:130%;\">Diumenge hi ha les eleccions al Bar\u00e7a, unes eleccions que hauran de decidir quin \u00e9s el cam\u00ed que seguir\u00e0 el club en els pr\u00f2xims anys, ja que en el moment actual de crisi \u00e9s quan m\u00e9s necessari \u00e9s reformular-se i adaptar-se a la nova situaci\u00f3 per continuar creixent. El Bar\u00e7a doncs, diumenge escull com voldr\u00e0 que sigui el club de la pr\u00f2xima d\u00e8cada.<\/p>\n<p>De vegades davant d\u2019una situaci\u00f3 on s\u2019ha d\u2019escollir entre diverses opcions \u00e9s convenient fer una simple mirada endarrera per copsar d\u2019on es ve i tot el cam\u00ed que s\u2019ha fet. A vegades, una mirada cap al recorregut que s\u2019ha realitzat pot ajudar a situar-nos en el context actual i saber escollir en propietat.<\/p>\n<p>No em cansar\u00e9 de repetir una i altra vegada la situaci\u00f3 en la que es trobada el Bar\u00e7a l\u2019any en qu\u00e8 Laporta i el seu equip van guanyar les eleccions.<br \/>El 2003 va significar per el club un trencament total en quan a formes i maneres de gestionar l\u2019entitat, ja que es van canviar unes pr\u00e0ctiques que l\u2019havien anquilosat i que li impedien fer el salt endavant per competir amb els clubs m\u00e9s poderosos del m\u00f3n. El Bar\u00e7a al 2003 era el tretz\u00e8 club m\u00e9s poder\u00f3s d\u2019Europa, ara \u00e9s el segon quasi empatat amb el primer. El Bar\u00e7a del 2003 suava per classificar-se per la UEFA i ara \u00e9s qui ha guanyat set dels \u00faltims nou t\u00edtols. Per aconseguir capgirar la din\u00e0mica, va caldre una revoluci\u00f3 en tota regla. I a fe de D\u00e9u que ha triomfat. Esportivament, econ\u00f2micament, socialment i patrimonialment, avui el Bar\u00e7a \u00e9s molt millor que el 2003.<\/p>\n<p>La revoluci\u00f3 ha triomfat, ha esdevingut un model d\u2019\u00e8xit, de triomf i cal que continu\u00ef sent aix\u00ed. Diuen que despr\u00e8s de tota revoluci\u00f3 sempre ve una involuci\u00f3. Despr\u00e8s de tot pas endavant sempre hi ha la temptaci\u00f3 de tornar enrera. I aix\u00f2 el Bar\u00e7a no s\u2019ho pot permetre.<\/p>\n<p>Qui encap\u00e7ala totes les enquestes a la presid\u00e8ncia, \u00e9s, precisament aquesta involuci\u00f3. Sandro Rosell mai ha cregut en el model Bar\u00e7a d\u2019\u00e8xit. Mai. Sandro mai va creure en Rijkaard. Mai. I per molt que en campanya s\u2019entossudeixi a afirmar el contrari, mai ha cregut en el Txiki. Rosell calla i fa meandres per tal de no respondre les preguntes. Tothom sap que no confia en l\u2019actual secretari t\u00e8cnic, per\u00f2 s\u2019entesta a dir que s\u00ed, quan realment, si digu\u00e9s que no, no passaria absolutament res. Rosell \u00e9s presoner de la seva hist\u00f2ria. S\u2019ha passat cinc anys dient pestes del model Bar\u00e7a representant per Txiki, Rijkaard i Guardiola i erigint-se ell com a gran salvador. El problema, per ell, \u00e9s que arriba a unes eleccions amb un Bar\u00e7a triomfant com mai i amb un model que \u00e9s l\u2019enveja de mig m\u00f3n. Rosell no t\u00e9 cap tipus de credibilitat.<br \/>Per\u00f2 a m\u00e9s d\u2019una involuci\u00f3 intervencionista al club, tamb\u00e9 hi ha la involuci\u00f3 social. Perqu\u00e8 cal no oblidar que el mateix Rosell va admetre a RAC1 que s\u00ed que havia parlat amb els Boixos Nois, b\u00e9 amb els \u201cbons nois dels Boixos\u201d, perqu\u00e8 segons ell n\u2019hi ha que s\u00f3n \u201dbons nois\u201d. El Bar\u00e7a ha marcat la pauta a seguir i s\u2019ha convertit en l\u2019exemple per tots els clubs a l\u2019hora d\u2019apartar els violents de manera rotunda de l\u2019estadi. Seria una ll\u00e0stima que per un nombre de vots, prescindibles si les enquestes s\u00f3n certes, Rosell ho tir\u00e9s tot per la borda. I aquesta setmana s\u2019ha fet p\u00fablica una fotografia d\u2019una reuni\u00f3 de Rosell amb la flor i nata del poder de la burgesia barcelonina que agrupa poders medi\u00e0tics (Grupo God\u00f3), pol\u00edtics (Artur Mas) i econ\u00f2mics i empresarials. El Bar\u00e7a s\u2019ha guanyat la independ\u00e8ncia d\u2019aquests grups en els \u00faltims set anys, no es pot permetre que els que van segrestar el club durant el mandat de Nu\u00f1ez, ara tornin a la Llotja.<\/p>\n<p>Els altres dos candidats, Ferrer i Benedito, representen m\u00e9s del mateix. Ferrer \u00e9s la trista imatge d\u2019una pr\u00f2rroga de mandat que no ser\u00e0. Ferrer s\u2019ha trobat sense espai, ja que el continusime bo, aquell que \u00e9s cre\u00efble, se l\u2019ha atribu\u00eft Marc Ingla, i \u00e9s per aix\u00f2 que tant Ferrer com el candidat impossible, Joan Laporta, no paren d\u2019atacar Ingla i de negar-li el que a dret a llei \u00e9s seu, \u00e9s a dir, la seva participaci\u00f3 en l\u2019elaboraci\u00f3 de l\u2019equip de les sis copes. \u00c9s incomprensible com pot ser que Ferrer-Laporta afirmin que Ingla no pot atribuir-se els \u00e8xtis de les sis copes, dient que ell va dimitir perqu\u00e8 no creia en el projecte. Ni en Guardiola ni en Unicef. Nom\u00e9s cal que es mirin els contractes tant del t\u00e8cnic com de l\u2019ag\u00e8ncia de la ONU per veure quina firma hi ha: Marc Ingla. Ingla va ser qui va firmar Guardiola i qui juntament amb el de Santpedor i Txiki van planificar la plantilla. Al C\u00e9sar el que \u00e9s del C\u00e9sar. Deuen anar molt malament les enquesta a can Ferrer-Laporta si han de comen\u00e7ar a blasfemar que Ingla pot vendre\u2019s jugadors com Xavi o Messi. La veritat, es demostra que la desesperaci\u00f3 porta a l\u2019absurd de les persones, i Ferrer-Laporta, ja hi s\u00f3n.<br \/>L\u2019altre candidat, Agust\u00ed Benedito ha fet de l\u2019equidist\u00e0ncia la seva estrat\u00e8gia electoral, venen que ell \u00e9s diferent tant a la involuci\u00f3 sandrista, com al continuisme positiu d\u2019Ingla. Ell s\u2019afirma com a diferent i alternatiu. No deixa de ser curi\u00f3s que es posi l\u2019etiqueta d\u2019alternatiu, quan no fa any que encara formava part de la comissi\u00f3 social del club\u2026 Amb tot, ha demostrat que \u00e9s un molt bon orador, per m\u00e9s que una mica demag\u00f2gic, i que sap connectar amb la gent. Segurament les eleccions se li han fet curtes, tot i aix\u00ed, no \u00e9s una opci\u00f3 de cara diumenge.<\/p>\n<p>La nota positiva de tot plegat \u00e9s que els atacs tant de Rosell com de Ferrer-Laporta comencen a dirigir-se cap a Ingla, un fet que demostra que la candidatura que m\u00e9s i millor representa que la revoluci\u00f3 del cercle virtu\u00f3s continu\u00ef endavant \u00e9s la seva, la del M\u00e9s Bar\u00e7a Que Mai.<br \/>Ingla, tot i un inici de campanya m\u00e9s encarat a buscar el cos a cos amb Rosell, ha sabut centrar-se en l\u2019exposici\u00f3 de les seves propostes i de les seves idees per fer del Bar\u00e7a el millor club del m\u00f3n i poder fer un nou pas endavant en els diferents \u00e0mbits d\u2019actuaci\u00f3: esportiu, social, participatiu, econ\u00f2mic i internacional. Marc Ingla ha sabut exposar el seu programa en positiu, una positivitat que no ha d\u2019anar renyida a denunciar propostes d\u2019altres candidats que puguin ser un perill per el refor\u00e7ament del model Bar\u00e7a.<\/p>\n<p>El diumenge 13 el Bar\u00e7a s\u2019hi juga molt. S\u2019hi juga poder seguir aquest cam\u00ed d\u2019\u00e8xits. El diumenge el Bar\u00e7a s\u2019hi juga o involuci\u00f3 o m\u00e9s cercle vitu\u00f3s. O un pas enrera o un nou impuls de la generaci\u00f3 \u201cpower point\u201d. El Bar\u00e7a diumenge s\u2019hi juga el club de les pr\u00f2ximes d\u00e8cades, i la candidatura d\u2019Ingla, Vicens, Godall i Soriano \u00e9s la que millor pot planificar el Bar\u00e7a dels pr\u00f2xim anys.<\/p>\n<p><\/span><\/div>\n<div class=\"blogger-post-footer\"><img width='1' height='1' src='https:\/\/blogger.googleusercontent.com\/tracker\/2467933452740288616-7084512289209168895?l=peresabat.blogspot.com' alt='' \/><\/div>\n","protected":false},"excerpt":{"rendered":"<p>Diumenge hi ha les eleccions al Bar\u00e7a, unes eleccions que hauran de decidir quin \u00e9s el cam\u00ed que seguir\u00e0 el club en els pr\u00f2xims anys, ja que en el moment actual de crisi \u00e9s quan m\u00e9s necessari \u00e9s reformular-se i adaptar-se a la nova situaci\u00f3 per continuar creixent. El Bar\u00e7a doncs, diumenge escull com voldr\u00e0&#8230;<\/p>\n","protected":false},"author":2,"featured_media":0,"comment_status":"open","ping_status":"open","sticky":false,"template":"","format":"standard","meta":{"footnotes":""},"categories":[26],"tags":[],"class_list":["post-1096","post","type-post","status-publish","format-standard","hentry","category-uncategorized"],"_links":{"self":[{"href":"https:\/\/www.blocdelsabat.cat\/index.php?rest_route=\/wp\/v2\/posts\/1096","targetHints":{"allow":["GET"]}}],"collection":[{"href":"https:\/\/www.blocdelsabat.cat\/index.php?rest_route=\/wp\/v2\/posts"}],"about":[{"href":"https:\/\/www.blocdelsabat.cat\/index.php?rest_route=\/wp\/v2\/types\/post"}],"author":[{"embeddable":true,"href":"https:\/\/www.blocdelsabat.cat\/index.php?rest_route=\/wp\/v2\/users\/2"}],"replies":[{"embeddable":true,"href":"https:\/\/www.blocdelsabat.cat\/index.php?rest_route=%2Fwp%2Fv2%2Fcomments&post=1096"}],"version-history":[{"count":0,"href":"https:\/\/www.blocdelsabat.cat\/index.php?rest_route=\/wp\/v2\/posts\/1096\/revisions"}],"wp:attachment":[{"href":"https:\/\/www.blocdelsabat.cat\/index.php?rest_route=%2Fwp%2Fv2%2Fmedia&parent=1096"}],"wp:term":[{"taxonomy":"category","embeddable":true,"href":"https:\/\/www.blocdelsabat.cat\/index.php?rest_route=%2Fwp%2Fv2%2Fcategories&post=1096"},{"taxonomy":"post_tag","embeddable":true,"href":"https:\/\/www.blocdelsabat.cat\/index.php?rest_route=%2Fwp%2Fv2%2Ftags&post=1096"}],"curies":[{"name":"wp","href":"https:\/\/api.w.org\/{rel}","templated":true}]}}