{"id":1100,"date":"2010-06-14T14:12:00","date_gmt":"2010-06-14T14:12:00","guid":{"rendered":"http:\/\/peresabat.wordpress.com\/2010\/06\/14\/lendema-de-les-eleccions"},"modified":"2010-06-14T14:12:00","modified_gmt":"2010-06-14T14:12:00","slug":"lendema-de-les-eleccions","status":"publish","type":"post","link":"https:\/\/www.blocdelsabat.cat\/?p=1100","title":{"rendered":"L&#8217;Endem\u00e0 de les Eleccions"},"content":{"rendered":"<p><a href=\"http:\/\/peresabat.files.wordpress.com\/2010\/06\/escut1.jpg\"><img decoding=\"async\" border=\"0\" alt=\"\" src=\"http:\/\/peresabat.files.wordpress.com\/2010\/06\/escut1.jpg?w=297\" \/><\/a><\/p>\n<div align=\"justify\"><span style=\"font-family:arial;font-size:130%;\">Sandro Rosell ser\u00e0 el President del Bar\u00e7a durant els pr\u00f2xims sis anys. Davant la rotunditat de les xifres de la jornada electoral d\u2019ahir nom\u00e9s \u00e9s possible dir una cosa: Felicitats. No hi cap absolutament cap tipus de retret, s\u2019ho ha guanyat.<br \/>Rosell passa a ser el president m\u00e9s votat de la hist\u00f2ria, Rosell passa a ser el president del post-laportisme. Rosell passa a ser el president del canvi d\u2019un club que no volia canvi, per\u00f2 que alhora si que el volia. El soci no volia canvi del club, per\u00f2 volia canvi de persones, i conseq\u00fcentment ha votat.<\/p>\n<p>El triomf de Rosell posa en evid\u00e8ncia la t\u00e0ctica Jimmy Carter. Rosell feia cinc anys que sabia que acabaria presentant-se a les eleccions, i en feia m\u00e9s de dos que hi treballava durament. Aquest treball \u00e9s el que l\u2019ha portat a ser avui president electe del Futbol Club Barcelona. La t\u00e0ctica Carter tamb\u00e9 \u00e9s aplicable, en menor mesura, a Agust\u00ed Benedito qui fa m\u00e9s d\u2019un any que preparava la seva maquin\u00e0ria electoral per fer front a aquestes eleccions. I qui tamb\u00e9 posa Carter com a element a seguir, en aquest cas al rev\u00e9s que Rosell i Benedito, \u00e9s Marc Ingla, l\u2019\u00faltim que va prendre la determinaci\u00f3 de presentar-se i qui nom\u00e9s fa cinc setmanes que va apuntar-se a la cursa de successi\u00f3 de Laporta. Qui no compleix la t\u00e0ctica Carter \u00e9s Jaume Ferrer, que al desembre ja va anunciar que presentaria la seva pr\u00f2pia candidatura i que ha \u201caconseguit\u201d l\u2019\u00faltim lloc en les eleccions. La de Ferrer per\u00f2 \u00e9s una posici\u00f3 que segurament no t\u00e9 res a veure amb el temps de preparaci\u00f3 de la candidatura, ja que la ca\u00f2tica i lamentable tria del candidat continu\u00efsta de l\u2019actual Junta es va fer tant i tant malament que l\u2019hauria acabat penalitzant encara que port\u00e9s tota la vida preparant la candidatura.<\/p>\n<p>Sandro Rosell ha dut a terme una campanya de silencis, m\u00e9s a la defensiva que a l\u2019ofensiva. Rosell ha pogut viure del personatge creat durant cinc anys per guanyar les eleccions. N\u2019ha tingut prou en ser l\u2019enemic p\u00fablic n\u00famero 1 de Laporta per erigir-se com a president electe. Nom\u00e9s amb la imatge d\u2019alternativa edificada per els seus suports medi\u00e0tics durant els cinc \u00faltims anys, Rosell ha arribat a la presid\u00e8ncia.<br \/>Els altres candidats no han sabut fer-se una imatge suficientment gran com per poder fer ombra a Rosell. Els altres en molts casos han semblat improvisats, modelats i no naturals. I aix\u00f2 s\u2019ha pagat.<\/p>\n<p>Marc Ingla qui en un principi semblava que seria l\u2019altre gran candidat d\u2019aquestes eleccions, ha acabat finalment tercer, en una demostraci\u00f3 de desinflament brutal en l\u2019\u00faltima setmana. Ingla que arribava a la setmana decisiva en posici\u00f3 destacada, es comentava l\u2019empenta que havia agafat, va tirar per la borda part del seu suport i les seves aspiracions durant els dos primers debats. En el de Catalunya Radio per ser massa agressiu envers Rosell, i en el segon per haver canviat 180 graus l\u2019estrat\u00e8gia a seguir i mostrar-se conciliador i tranquil. Quan es porta nom\u00e9s quatre setmanes en pre campanya i quan s\u2019ha estat l\u2019\u00faltim a presentar-se, desorientar al soci d\u2019aquesta manera en cap cas pot ser positiu, i lamentablement, aix\u00ed s\u2019ha demostrat. Ingla tot i comptar amb el millor programa, amb el millor equip i en ser percebut des de bon principi com a alternativa a Rosell, no ha sabut \u2013o no ha pogut- edificar aquesta visi\u00f3 diferent al guanyador i ha acabat en un tercer lloc que no li fa just\u00edcia.<\/p>\n<p>Agust\u00ed Benedito per altra banda \u00e9s mereix un monument. S\u00ed abans es parlava de la t\u00e0ctica Carter, amb Benedito s\u2019ha de parlar de la t\u00e0ctica Clegg. Aquest candidat que no pintava per a res en els pron\u00f2stics ha sabut trobar un lloc i situar-se en segona posici\u00f3 a les eleccions. Gr\u00e0cies a la seva facilitat de paraula i als debats el candidat Benedito ha aconseguit passar a Ingla. Personalment, tot i valorar molt la campanya que ha fet, Benedito no m\u2019ha conven\u00e7ut en cap moment. L\u2019he trobat excessivament populista i demagog en els debats, a m\u00e9s que en cap moment ha buscat la vict\u00f2ria. Les imatges de la seva reacci\u00f3 al con\u00e8ixer l\u2019enquesta de TV3 ho demostren. Qualsevol que hagu\u00e9s buscat la vict\u00f2ria s\u2019hagu\u00e9s enfonsat al saber els resultats, Benedito i el seu equip ho van celebrar com si haguessin guanyat ells.<\/p>\n<p>L\u2019\u00faltim candidat que queda, Jaume Ferrer, era ahir la cara de la derrota absoluta. Sortir d\u2019una Junta que ho ha guanyat tot, presentar-se com en candidat que continuaria la tasca d\u2019\u00e8xits i acabar \u00faltim no \u00e9s precisament per estar ni una mica content. Com ell mateix va recon\u00e8ixer, patacada hist\u00f2rica.<\/p>\n<p>Finalment i per acabar. Crec, amb tots els respectes, que en gran part la vict\u00f2ria de Rosell es deu a que no s\u2019ha pogut solidificar una alternativa real i cre\u00efble, i que just quan aquesta es comen\u00e7ava a soldar, la de Marc Ingla, gr\u00e0cies en part al \u201cmomentum\u201d creat per els mitjans, Benedito va quedar-se part de l\u2019espai no-rosellista. Aquest fet va ser clau per descarrilar les eleccions. \u00c9s cert, com ja he dit, que si la candidatura de Marc Ingla no va poder lluitar fins al final per la vict\u00f2ria \u00e9s majorit\u00e0riament per errors propis, per\u00f2 aix\u00f2 no ha de fer oblidar que a molts els interessava que Ingla no es consolid\u00e9s per deixar via lliure a Sandro Rosell.<\/p>\n<p>Ahir es van acabar set anys meravellosos per el Bar\u00e7a. Ahir va comen\u00e7ar el regnat de Sandro Rosell. Esperem per el b\u00e9 del Bar\u00e7a que tot, absolutament tot, continu\u00ef com fins ara.<br \/><\/span><\/div>\n<div class=\"blogger-post-footer\"><img width='1' height='1' src='https:\/\/blogger.googleusercontent.com\/tracker\/2467933452740288616-1608043421701303275?l=peresabat.blogspot.com' alt='' \/><\/div>\n","protected":false},"excerpt":{"rendered":"<p>Sandro Rosell ser\u00e0 el President del Bar\u00e7a durant els pr\u00f2xims sis anys. Davant la rotunditat de les xifres de la jornada electoral d\u2019ahir nom\u00e9s \u00e9s possible dir una cosa: Felicitats. No hi cap absolutament cap tipus de retret, s\u2019ho ha guanyat.Rosell passa a ser el president m\u00e9s votat de la hist\u00f2ria, Rosell passa a ser&#8230;<\/p>\n","protected":false},"author":2,"featured_media":0,"comment_status":"open","ping_status":"open","sticky":false,"template":"","format":"standard","meta":{"footnotes":""},"categories":[26],"tags":[],"class_list":["post-1100","post","type-post","status-publish","format-standard","hentry","category-uncategorized"],"_links":{"self":[{"href":"https:\/\/www.blocdelsabat.cat\/index.php?rest_route=\/wp\/v2\/posts\/1100","targetHints":{"allow":["GET"]}}],"collection":[{"href":"https:\/\/www.blocdelsabat.cat\/index.php?rest_route=\/wp\/v2\/posts"}],"about":[{"href":"https:\/\/www.blocdelsabat.cat\/index.php?rest_route=\/wp\/v2\/types\/post"}],"author":[{"embeddable":true,"href":"https:\/\/www.blocdelsabat.cat\/index.php?rest_route=\/wp\/v2\/users\/2"}],"replies":[{"embeddable":true,"href":"https:\/\/www.blocdelsabat.cat\/index.php?rest_route=%2Fwp%2Fv2%2Fcomments&post=1100"}],"version-history":[{"count":0,"href":"https:\/\/www.blocdelsabat.cat\/index.php?rest_route=\/wp\/v2\/posts\/1100\/revisions"}],"wp:attachment":[{"href":"https:\/\/www.blocdelsabat.cat\/index.php?rest_route=%2Fwp%2Fv2%2Fmedia&parent=1100"}],"wp:term":[{"taxonomy":"category","embeddable":true,"href":"https:\/\/www.blocdelsabat.cat\/index.php?rest_route=%2Fwp%2Fv2%2Fcategories&post=1100"},{"taxonomy":"post_tag","embeddable":true,"href":"https:\/\/www.blocdelsabat.cat\/index.php?rest_route=%2Fwp%2Fv2%2Ftags&post=1100"}],"curies":[{"name":"wp","href":"https:\/\/api.w.org\/{rel}","templated":true}]}}