{"id":1104,"date":"2010-06-15T17:13:00","date_gmt":"2010-06-15T17:13:00","guid":{"rendered":"http:\/\/peresabat.wordpress.com\/2010\/06\/15\/a-mayor-oreja-menor-cerebro"},"modified":"2010-06-15T17:13:00","modified_gmt":"2010-06-15T17:13:00","slug":"a-mayor-oreja-menor-cerebro","status":"publish","type":"post","link":"https:\/\/www.blocdelsabat.cat\/?p=1104","title":{"rendered":"&#8220;A Mayor Oreja, Menor Cerebro&#8221;"},"content":{"rendered":"<p><a href=\"http:\/\/peresabat.files.wordpress.com\/2010\/06\/mayor_oreja1.jpg\"><img decoding=\"async\" border=\"0\" alt=\"\" src=\"http:\/\/peresabat.files.wordpress.com\/2010\/06\/mayor_oreja1.jpg?w=287\" \/><\/a><\/p>\n<div align=\"justify\"><span style=\"font-family:arial;font-size:130%;\">Qu\u00e8 t\u00e9 en com\u00fa una votaci\u00f3 democr\u00e0tica i un assassinat? Per qualsevol persona normal, amb una intel\u00b7lig\u00e8ncia normal i amb sentit com\u00fa, res. Una cosa \u00e9s un acte democr\u00e0tic com \u00e9s el vot, i l\u2019altra \u00e9s un acte vomitiu.<\/p>\n<p>Doncs b\u00e9, no tothom pensa d\u2019aquesta manera. Segons el qui va ser m\u00e0 dreta de Jos\u00e9 Maria Aznar a La Moncloa i \u00e9s cap de llista del Partido Popular a les eleccions europees, l\u2019acci\u00f3 de votar i la de matar tenen un punt de connexi\u00f3: ETA. Concretament Mayor Oreja ha afirmat que la for\u00e7a d\u2019ETA s\u2019ha de comprovar a partir de no nom\u00e9s els comandos desarticulats, sin\u00f3 tamb\u00e9 dels refer\u00e8ndums d\u2019autodeterminaci\u00f3 que se celebrin arreu de l\u2019estat espanyol, \u00e9s a dir, a Catalunya.<\/p>\n<p>Realment molt gros tot plegat. Pot dir un responsable pol\u00edtic elegit democr\u00e0ticament que l\u2019acci\u00f3 de votar, a favor o en contra, de la independ\u00e8ncia es correspon a la for\u00e7a que actualment pugui tenir una banda de criminals com \u00e9s ETA? Pot el l\u00edder d\u2019un partit al Parlament Europeu equiparar l\u2019activitat assassina dels membres d\u2019ETA amb l\u2019activitat democr\u00e0tica i pac\u00edfica que han desenvolupat m\u00e9s de mig mili\u00f3 de persones a Catalunya? Pot aquest \u00e9sser no patir repres\u00e0lies pol\u00edtiques despr\u00e8s de dir el que ha dit?<\/p>\n<p>Mayor Oreja sembla que cont\u00ednuament estigui fent un joc de veure si es pot superar en cada declaraci\u00f3 que fa. Que ara toca \u201crajar\u201d de les consultes, doncs ho equiparem amb ETA, que ara \u00e9s el torn de \u201cpetar-se\u201d Esquerra, doncs direm que s\u00f3n uns nazis que volen fer neteja \u00e8tnica de castellans a Catalunya. La q\u00fcesti\u00f3 \u00e9s superar-se deu pensar. I la veritat \u00e9s que ho aconsegueix.<\/p>\n<p>El problema de fons per\u00f2, \u00e9s que l\u2019opini\u00f3 de Mayor Oreja no \u00e9s nom\u00e9s de Mayor Oreja. Hi ha un p\u00f2sit de gent a Espanya que pensa com ell, que potser no subscriuran totes les seves paraules, per\u00f2 s\u00ed la idea. I la idea \u00e9s que a Catalunya ni aigua. Avui dir\u00e0 que els refer\u00e8ndums estan tutelats per ETA i dem\u00e0 que els que voten que S\u00ed mengen nens per esmorzar, la q\u00fcesti\u00f3 per\u00f2 \u00e9s la mateixa: l\u2019odi exacerbat i malalt\u00eds que Mayor Oreja t\u00e9 envers Catalunya.<\/p>\n<p>I aquesta idea expressada amb paraules diferents \u00e9s present i transversal en les dues Espanyes.<\/p>\n<p>En fi, ja ho diuen, \u201cmayor oreja, menor cerebro\u201d.<\/span> <\/div>\n<div class=\"blogger-post-footer\"><img width='1' height='1' src='https:\/\/blogger.googleusercontent.com\/tracker\/2467933452740288616-5691523864576783265?l=peresabat.blogspot.com' alt='' \/><\/div>\n","protected":false},"excerpt":{"rendered":"<p>Qu\u00e8 t\u00e9 en com\u00fa una votaci\u00f3 democr\u00e0tica i un assassinat? Per qualsevol persona normal, amb una intel\u00b7lig\u00e8ncia normal i amb sentit com\u00fa, res. Una cosa \u00e9s un acte democr\u00e0tic com \u00e9s el vot, i l\u2019altra \u00e9s un acte vomitiu. Doncs b\u00e9, no tothom pensa d\u2019aquesta manera. Segons el qui va ser m\u00e0 dreta de Jos\u00e9&#8230;<\/p>\n","protected":false},"author":2,"featured_media":0,"comment_status":"open","ping_status":"open","sticky":false,"template":"","format":"standard","meta":{"footnotes":""},"categories":[26],"tags":[],"class_list":["post-1104","post","type-post","status-publish","format-standard","hentry","category-uncategorized"],"_links":{"self":[{"href":"https:\/\/www.blocdelsabat.cat\/index.php?rest_route=\/wp\/v2\/posts\/1104","targetHints":{"allow":["GET"]}}],"collection":[{"href":"https:\/\/www.blocdelsabat.cat\/index.php?rest_route=\/wp\/v2\/posts"}],"about":[{"href":"https:\/\/www.blocdelsabat.cat\/index.php?rest_route=\/wp\/v2\/types\/post"}],"author":[{"embeddable":true,"href":"https:\/\/www.blocdelsabat.cat\/index.php?rest_route=\/wp\/v2\/users\/2"}],"replies":[{"embeddable":true,"href":"https:\/\/www.blocdelsabat.cat\/index.php?rest_route=%2Fwp%2Fv2%2Fcomments&post=1104"}],"version-history":[{"count":0,"href":"https:\/\/www.blocdelsabat.cat\/index.php?rest_route=\/wp\/v2\/posts\/1104\/revisions"}],"wp:attachment":[{"href":"https:\/\/www.blocdelsabat.cat\/index.php?rest_route=%2Fwp%2Fv2%2Fmedia&parent=1104"}],"wp:term":[{"taxonomy":"category","embeddable":true,"href":"https:\/\/www.blocdelsabat.cat\/index.php?rest_route=%2Fwp%2Fv2%2Fcategories&post=1104"},{"taxonomy":"post_tag","embeddable":true,"href":"https:\/\/www.blocdelsabat.cat\/index.php?rest_route=%2Fwp%2Fv2%2Ftags&post=1104"}],"curies":[{"name":"wp","href":"https:\/\/api.w.org\/{rel}","templated":true}]}}