{"id":1117,"date":"2010-07-09T11:04:00","date_gmt":"2010-07-09T11:04:00","guid":{"rendered":"http:\/\/peresabat.wordpress.com\/2010\/07\/09\/tots-a-la-mani"},"modified":"2010-07-09T11:04:00","modified_gmt":"2010-07-09T11:04:00","slug":"tots-a-la-mani","status":"publish","type":"post","link":"https:\/\/www.blocdelsabat.cat\/?p=1117","title":{"rendered":"Tots a la Mani!"},"content":{"rendered":"<p><a href=\"http:\/\/peresabat.files.wordpress.com\/2010\/07\/indp1.jpg\"><img decoding=\"async\" border=\"0\" alt=\"\" src=\"http:\/\/peresabat.files.wordpress.com\/2010\/07\/indp1.jpg?w=300\" \/><\/a><\/p>\n<div align=\"justify\"><span style=\"font-family:arial;font-size:130%;\">Quan a un l\u2019ataquen ha de respondre. Aquesta llei tan elemental \u00e9s la que hem d\u2019aplicar. Despr\u00e8s de la indec\u00e8ncia comesa per el Tribunal Constitucional, ara s\u2019ha de respondre. Ho estan fent les institucions aprovant mocions de rebuig a la sent\u00e8ncia i en casos declarant-se moralment exclosos de la Constituci\u00f3, i tamb\u00e9 ho est\u00e0 fent la societat organitzant la gran manifestaci\u00f3 unit\u00e0ria de dem\u00e0. Aquest \u00e9s el cam\u00ed. Tenim les forces que tenim i les hem de saber utilitzar: les institucions i la societat, aquesta \u00e9s la nostra for\u00e7a. Davant de l\u2019atac del TC contra l\u2019autogovern mutilant llengua, just\u00edcia, finan\u00e7ament i compet\u00e8ncies a m\u00e9s del terme naci\u00f3, cal que responguem. I per fer-ho, com a primer pas, cal anar a la manifestaci\u00f3, dem\u00e0 hem d\u2019omplir els carrers de Barcelona. Cal un acte de for\u00e7a, d\u2019empenta, de responsabilitat. Manifestar-nos \u00e9s un deure c\u00edvic que com a ciutadans hem d\u2019exercir. <\/span><\/div>\n<p><\/p>\n<div align=\"justify\"><span style=\"font-family:arial;font-size:130%;\">Hi ha infinitat de raons per anar-hi, i tothom hi trobar\u00e0 la seva. Hi anir\u00e0 aquell autonomista conven\u00e7ut que n\u2019est\u00e0 tip o aquell federalista que ha despertat d\u2019un somni impossible i tamb\u00e9 l\u2019independentista que creu en l\u2019estat propi com a soluci\u00f3. Tots ells dissabte junts Passeig de Gr\u00e0cia avall defensarem el mateix: Som una Naci\u00f3! I ho som perqu\u00e8 nosaltres decidim ser-ho i ning\u00fa t\u00e9 el dret de dir el contrari. <\/span><\/div>\n<p><\/p>\n<div align=\"justify\"><span style=\"font-family:arial;font-size:130%;\">Dem\u00e0, tots a la mani! <\/span><\/div>\n<p><\/p>\n<div><\/div>\n<div class=\"blogger-post-footer\"><img width='1' height='1' src='https:\/\/blogger.googleusercontent.com\/tracker\/2467933452740288616-4665096361350195680?l=peresabat.blogspot.com' alt='' \/><\/div>\n","protected":false},"excerpt":{"rendered":"<p>Quan a un l\u2019ataquen ha de respondre. Aquesta llei tan elemental \u00e9s la que hem d\u2019aplicar. Despr\u00e8s de la indec\u00e8ncia comesa per el Tribunal Constitucional, ara s\u2019ha de respondre. Ho estan fent les institucions aprovant mocions de rebuig a la sent\u00e8ncia i en casos declarant-se moralment exclosos de la Constituci\u00f3, i tamb\u00e9 ho est\u00e0 fent&#8230;<\/p>\n","protected":false},"author":2,"featured_media":0,"comment_status":"open","ping_status":"open","sticky":false,"template":"","format":"standard","meta":{"footnotes":""},"categories":[26],"tags":[],"class_list":["post-1117","post","type-post","status-publish","format-standard","hentry","category-uncategorized"],"_links":{"self":[{"href":"https:\/\/www.blocdelsabat.cat\/index.php?rest_route=\/wp\/v2\/posts\/1117","targetHints":{"allow":["GET"]}}],"collection":[{"href":"https:\/\/www.blocdelsabat.cat\/index.php?rest_route=\/wp\/v2\/posts"}],"about":[{"href":"https:\/\/www.blocdelsabat.cat\/index.php?rest_route=\/wp\/v2\/types\/post"}],"author":[{"embeddable":true,"href":"https:\/\/www.blocdelsabat.cat\/index.php?rest_route=\/wp\/v2\/users\/2"}],"replies":[{"embeddable":true,"href":"https:\/\/www.blocdelsabat.cat\/index.php?rest_route=%2Fwp%2Fv2%2Fcomments&post=1117"}],"version-history":[{"count":0,"href":"https:\/\/www.blocdelsabat.cat\/index.php?rest_route=\/wp\/v2\/posts\/1117\/revisions"}],"wp:attachment":[{"href":"https:\/\/www.blocdelsabat.cat\/index.php?rest_route=%2Fwp%2Fv2%2Fmedia&parent=1117"}],"wp:term":[{"taxonomy":"category","embeddable":true,"href":"https:\/\/www.blocdelsabat.cat\/index.php?rest_route=%2Fwp%2Fv2%2Fcategories&post=1117"},{"taxonomy":"post_tag","embeddable":true,"href":"https:\/\/www.blocdelsabat.cat\/index.php?rest_route=%2Fwp%2Fv2%2Ftags&post=1117"}],"curies":[{"name":"wp","href":"https:\/\/api.w.org\/{rel}","templated":true}]}}