{"id":1131,"date":"2010-08-10T11:52:00","date_gmt":"2010-08-10T11:52:00","guid":{"rendered":"http:\/\/peresabat.wordpress.com\/2010\/08\/10\/el-pensament-dels-tres-pals"},"modified":"2010-08-10T11:52:00","modified_gmt":"2010-08-10T11:52:00","slug":"el-pensament-dels-tres-pals","status":"publish","type":"post","link":"https:\/\/www.blocdelsabat.cat\/?p=1131","title":{"rendered":"El Pensament dels Tres Pals"},"content":{"rendered":"<p><a href=\"http:\/\/peresabat.files.wordpress.com\/2010\/08\/porteria1.jpg\"><img decoding=\"async\" border=\"0\" alt=\"\" src=\"http:\/\/peresabat.files.wordpress.com\/2010\/08\/porteria1.jpg?w=261\" \/><\/a><\/p>\n<div align=\"justify\"><span style=\"font-family:arial;font-size:130%;\">L\u2019efervesc\u00e8ncia pol\u00edtica que ha viscut l\u2019anomenat sector de l\u2019independentisme durant els \u00faltims set anys i sobretot la seva l\u00ednia ascendent pot fer semblar que l\u2019aconsecussi\u00f3 de l\u2019estaci\u00f3 final que aquest propugna \u00e9s a tocar. Independents al 6 de gener del 2011 com a regal de Reis.<\/p>\n<p>Que l\u2019independentisme ha crescut molt \u00e9s una evid\u00e8ncia que ni La Vanguardia pot amagar per m\u00e9s que vulgui. Per\u00f2 d\u2019aqu\u00ed a afirmar, com alg\u00fa ha fet, que Catalunya pot ser independent l\u2019any que ve hi ha un pas.<\/p>\n<p>Convindria pel b\u00e9 de tots plegats que el voler no ens fes perdre la ra\u00f3. No conec ning\u00fa que es declari independentista que vulgui esperar a ser un estat lliure, per\u00f2 aquesta voluntat no \u00e9s excloent en saber entendre que un proc\u00e9s d\u2019alliberament nacional \u00e9s complicat, llarg i complex. Qui no ho vulgui entendre juga m\u00e9s a favor dels que volen mantenir l\u2019estabilitat actual que no dels que volen la llibertat. L\u2019independentisme corre el risc de patir un estat d\u2019infantilisme permanent, \u00e9s a dir, voler all\u00f2 que es vol ara. Immediatament. Sense espera, com aquell nen que vol un caramel i s\u2019enfada, crida i plora davant dels pares perqu\u00e8 no li volen donar.<\/p>\n<p>Que el proc\u00e9s sigui llarg, complex i complicat per\u00f2 no significa adormir el somni. No seurem al Consell de Ministres de la UE l\u2019any que ve, i tampoc d\u2019aqu\u00ed a dos. Per\u00f2 aix\u00f2 no vol dir que no hi seurem mai. Aquells que prediquen avui si per\u00f2 dem\u00e0 no i l\u2019altre un no ho s\u00e9 en relaci\u00f3 a iniciar el cam\u00ed cap a l\u2019estat propi tampoc no \u00e9s que aportin massa. La indefinici\u00f3 permanent nom\u00e9s aporta complexes, desorientaci\u00f3 i el dubte fonamentat de qu\u00e8 es pensa realment. Anar per aquest cam\u00ed nom\u00e9s pot significar un foc d\u2019encenalls. Flamarada de dos dies, aigua a dojo durant quatre anys.<\/p>\n<p>Els del ja i els del potser s\u00ed potser no, s\u00f3n dos dels pals del pensament, un pensament que nom\u00e9s podr\u00e0 ser real, cre\u00efble i realitzar-se quan es prengui seriosament i es posin els passos a seguir per aconseguir-ho.<\/p>\n<p>L\u2019independentisme t\u00e9 tres vies, els impacients capa\u00e7os de cremar el proc\u00e9s, els autoindefinits que depenen del dia diran que s\u00ed o que no, i els que s\u00f3n conscients de que aquesta partida \u00e9s llarga i que caldr\u00e0 esfor\u00e7, treball i sacrificis per arribar-hi.<\/p>\n<p>La suma de tots tres \u00e9s el que ens far\u00e0 aconseguir el somni, perqu\u00e8 totes tres vies s\u00f3n necess\u00e0ries, per\u00f2 nom\u00e9s s\u2019hi arribar\u00e0 s\u00ed els del tercer pal s\u00f3n prou forts i majoritaris dins el moviment.<br \/><\/span><\/div>\n<div class=\"blogger-post-footer\"><img width='1' height='1' src='https:\/\/blogger.googleusercontent.com\/tracker\/2467933452740288616-1194992858035709898?l=peresabat.blogspot.com' alt='' \/><\/div>\n","protected":false},"excerpt":{"rendered":"<p>L\u2019efervesc\u00e8ncia pol\u00edtica que ha viscut l\u2019anomenat sector de l\u2019independentisme durant els \u00faltims set anys i sobretot la seva l\u00ednia ascendent pot fer semblar que l\u2019aconsecussi\u00f3 de l\u2019estaci\u00f3 final que aquest propugna \u00e9s a tocar. Independents al 6 de gener del 2011 com a regal de Reis. Que l\u2019independentisme ha crescut molt \u00e9s una evid\u00e8ncia que&#8230;<\/p>\n","protected":false},"author":2,"featured_media":0,"comment_status":"open","ping_status":"open","sticky":false,"template":"","format":"standard","meta":{"footnotes":""},"categories":[26],"tags":[],"class_list":["post-1131","post","type-post","status-publish","format-standard","hentry","category-uncategorized"],"_links":{"self":[{"href":"https:\/\/www.blocdelsabat.cat\/index.php?rest_route=\/wp\/v2\/posts\/1131","targetHints":{"allow":["GET"]}}],"collection":[{"href":"https:\/\/www.blocdelsabat.cat\/index.php?rest_route=\/wp\/v2\/posts"}],"about":[{"href":"https:\/\/www.blocdelsabat.cat\/index.php?rest_route=\/wp\/v2\/types\/post"}],"author":[{"embeddable":true,"href":"https:\/\/www.blocdelsabat.cat\/index.php?rest_route=\/wp\/v2\/users\/2"}],"replies":[{"embeddable":true,"href":"https:\/\/www.blocdelsabat.cat\/index.php?rest_route=%2Fwp%2Fv2%2Fcomments&post=1131"}],"version-history":[{"count":0,"href":"https:\/\/www.blocdelsabat.cat\/index.php?rest_route=\/wp\/v2\/posts\/1131\/revisions"}],"wp:attachment":[{"href":"https:\/\/www.blocdelsabat.cat\/index.php?rest_route=%2Fwp%2Fv2%2Fmedia&parent=1131"}],"wp:term":[{"taxonomy":"category","embeddable":true,"href":"https:\/\/www.blocdelsabat.cat\/index.php?rest_route=%2Fwp%2Fv2%2Fcategories&post=1131"},{"taxonomy":"post_tag","embeddable":true,"href":"https:\/\/www.blocdelsabat.cat\/index.php?rest_route=%2Fwp%2Fv2%2Ftags&post=1131"}],"curies":[{"name":"wp","href":"https:\/\/api.w.org\/{rel}","templated":true}]}}