{"id":1132,"date":"2010-08-10T16:46:00","date_gmt":"2010-08-10T16:46:00","guid":{"rendered":"http:\/\/peresabat.wordpress.com\/2010\/08\/10\/carta-oberta-a-la-militancia-desquerra-republicana-de-catalunya-adherida-a-esquerra-independentista"},"modified":"2010-08-10T16:46:00","modified_gmt":"2010-08-10T16:46:00","slug":"carta-oberta-a-la-militancia-desquerra-republicana-de-catalunya-adherida-a-esquerra-independentista","status":"publish","type":"post","link":"https:\/\/www.blocdelsabat.cat\/?p=1132","title":{"rendered":"Carta Oberta a la Milit\u00e0ncia d&#8217;Esquerra Republicana de Catalunya Adherida a Esquerra Independentista"},"content":{"rendered":"<p><a href=\"http:\/\/peresabat.files.wordpress.com\/2010\/08\/ei1.jpg\"><img decoding=\"async\" border=\"0\" alt=\"\" src=\"http:\/\/peresabat.files.wordpress.com\/2010\/08\/ei1.jpg?w=240\" \/><\/a><\/p>\n<div align=\"justify\"><span style=\"font-family:arial;font-size:130%;\">&#8220;La marca desapar\u00e8ix, per\u00f2 les idees i els objectius segueixen intactes, perqu\u00e8 malgrat tot, cal seguir lluitant&#8221;.<\/span><\/div>\n<div align=\"justify\"><span style=\"font-family:Arial;font-size:130%;\"><\/span> <\/div>\n<div align=\"justify\"><span style=\"font-family:Arial;font-size:130%;\">&#8212;&#8212;&#8212;&#8212;-<\/span><\/div>\n<p><\/p>\n<div align=\"justify\"><span style=\"font-family:arial;font-size:130%;\">La Naci\u00f3 Catalana es troba en una cru\u00eflla hist\u00f2rica: o assoleix l\u2019Estat propi o es dilueix i s\u2019empobreix a l\u2019Estat espanyol. En aquest context clau per a l&#8217;esdevenidor de la nostra Naci\u00f3 \u00e9s imprescindible una estrat\u00e8gia independentista clara i efica\u00e7.<\/p>\n<p>Segons el parer dels i les sotasignants, consellers i conselleres nacionals d\u2019ERC i membres d\u2019Esquerra Independentista, cal que el conjunt del catalanisme pol\u00edtic assumeixi la independ\u00e8ncia com a condici\u00f3 indispensable de cara a assolir i assegurar les aspiracions d\u2019autogovern i reconeixement nacional del poble catal\u00e0. Cal, igualment, que el conjunt de l\u2019esquerra catalana assumeixi que els seus ideals de just\u00edcia i igualtat nom\u00e9s s\u00f3n assolibles en el marc d\u2019una Rep\u00fablica Catalana independent. De la mateixa manera que cal una regeneraci\u00f3 del funcionament intern de les organitzacions pol\u00edtiques catalanes, que s\u2019haurien de regir per criteris de participaci\u00f3, pluralitat, \u00e8tica i excel\u00b7l\u00e8ncia. Sota aquestes premisses va n\u00e9ixer Esquerra Independentista, al si d\u2019ERC.<\/p>\n<p>Aix\u00ed mateix, els i les sotasignants ens refermem en la necessitat de disposar d&#8217;organitzacions fortes i implantades territorialment, amb un ideari definit i capacitat de treball, i que han demostrat ser capaces de perdurar en el temps, al llarg dels bons i dels mals moments. Tenim en compte que el proc\u00e9s cap a l&#8217;alliberament nacional i social avan\u00e7a amb pas ferm, i considerem que nom\u00e9s amb organitzacions s\u00f2lides tindrem la capacitat d&#8217;estar a l&#8217;al\u00e7ada del moment.<\/p>\n<p>Durant el temps en qu\u00e8 Esquerra Independentista ha existit com a actor pol\u00edtic intern d\u2019ERC hem generat propostes i un full de ruta clar, seri\u00f3s i pautat per a la independ\u00e8ncia. Un projecte de renovaci\u00f3 d\u2019ERC i del Pa\u00eds, que s\u2019ha carregat de ra\u00f3 amb la sent\u00e8ncia del Tribunal Constitucional contra l\u2019Estatut i amb la multitudin\u00e0ria mobilitzaci\u00f3 del 10 de juliol sota el lema Som una Naci\u00f3. Nosaltres decidim.<\/p>\n<p>La resposta espanyola a la Naci\u00f3 Catalana ha estat clara i forta. Per tant, nosaltres tamb\u00e9 hem de ser, m\u00e9s que mai, clars i forts.<\/p>\n<p>Per tot aix\u00f2, els sotasignants, consellers i conselleres nacionals d\u2019ERC i membres d\u2019Esquerra Independentista, manifestem que:<\/p>\n<p>PRIMER, refermem la nostra milit\u00e0ncia a Esquerra Republicana de Catalunya, casa comuna de l\u2019independentisme d\u2019esquerres.<\/p>\n<p>SEGON, les idees i el projecte d\u2019Esquerra Independentista tenen avui plena validesa i seguirem defensant-los de manera coordinada al si d\u2019ERC. En aquest sentit, instem els adherits i adherides a Esquerra Independentista a continuar lluitant pels principis i objectius que van motivar la nostra aparici\u00f3 i a fer-ho a trav\u00e9s dels canals de participaci\u00f3 formal d\u2019ERC.<\/p>\n<p>TERCER, despr\u00e9s d\u2019un debat intern al si d\u2019Esquerra Independentista i despr\u00e9s de les baixes com a militants d\u2019ERC de membres destacats, entenem que la dissoluci\u00f3 d\u2019Esquerra Independentista esdev\u00e9 de facto, evitant una instrumentalitzaci\u00f3 del patrimoni pol\u00edtic com\u00fa i obrint una nova etapa a Esquerra Republicana de Catalunya, de la qual tots nosaltres en volem ser part\u00edcips i treballar per a garantir un partit m\u00e9s fort, decidit i amb visi\u00f3 de futur.<\/p>\n<p>QUART, exigim respecte i reconeixement a la tasca que ha dut Esquerra Independentista fins avui aix\u00ed com als seus adherits.<\/span><\/div>\n<div class=\"blogger-post-footer\"><img width='1' height='1' src='https:\/\/blogger.googleusercontent.com\/tracker\/2467933452740288616-5829440496005160124?l=peresabat.blogspot.com' alt='' \/><\/div>\n","protected":false},"excerpt":{"rendered":"<p>&#8220;La marca desapar\u00e8ix, per\u00f2 les idees i els objectius segueixen intactes, perqu\u00e8 malgrat tot, cal seguir lluitant&#8221;. &#8212;&#8212;&#8212;&#8212;- La Naci\u00f3 Catalana es troba en una cru\u00eflla hist\u00f2rica: o assoleix l\u2019Estat propi o es dilueix i s\u2019empobreix a l\u2019Estat espanyol. En aquest context clau per a l&#8217;esdevenidor de la nostra Naci\u00f3 \u00e9s imprescindible una estrat\u00e8gia independentista&#8230;<\/p>\n","protected":false},"author":2,"featured_media":0,"comment_status":"open","ping_status":"open","sticky":false,"template":"","format":"standard","meta":{"footnotes":""},"categories":[26],"tags":[],"class_list":["post-1132","post","type-post","status-publish","format-standard","hentry","category-uncategorized"],"_links":{"self":[{"href":"https:\/\/www.blocdelsabat.cat\/index.php?rest_route=\/wp\/v2\/posts\/1132","targetHints":{"allow":["GET"]}}],"collection":[{"href":"https:\/\/www.blocdelsabat.cat\/index.php?rest_route=\/wp\/v2\/posts"}],"about":[{"href":"https:\/\/www.blocdelsabat.cat\/index.php?rest_route=\/wp\/v2\/types\/post"}],"author":[{"embeddable":true,"href":"https:\/\/www.blocdelsabat.cat\/index.php?rest_route=\/wp\/v2\/users\/2"}],"replies":[{"embeddable":true,"href":"https:\/\/www.blocdelsabat.cat\/index.php?rest_route=%2Fwp%2Fv2%2Fcomments&post=1132"}],"version-history":[{"count":0,"href":"https:\/\/www.blocdelsabat.cat\/index.php?rest_route=\/wp\/v2\/posts\/1132\/revisions"}],"wp:attachment":[{"href":"https:\/\/www.blocdelsabat.cat\/index.php?rest_route=%2Fwp%2Fv2%2Fmedia&parent=1132"}],"wp:term":[{"taxonomy":"category","embeddable":true,"href":"https:\/\/www.blocdelsabat.cat\/index.php?rest_route=%2Fwp%2Fv2%2Fcategories&post=1132"},{"taxonomy":"post_tag","embeddable":true,"href":"https:\/\/www.blocdelsabat.cat\/index.php?rest_route=%2Fwp%2Fv2%2Ftags&post=1132"}],"curies":[{"name":"wp","href":"https:\/\/api.w.org\/{rel}","templated":true}]}}