{"id":115,"date":"2008-04-02T16:25:00","date_gmt":"2008-04-02T16:25:00","guid":{"rendered":"http:\/\/peresabat.wordpress.com\/2008\/04\/02\/dahir-per-dema"},"modified":"2008-04-02T16:25:00","modified_gmt":"2008-04-02T16:25:00","slug":"dahir-per-dema","status":"publish","type":"post","link":"https:\/\/www.blocdelsabat.cat\/?p=115","title":{"rendered":"D&#8217;ahir per dem\u00e0"},"content":{"rendered":"<div align=\"justify\"><a href=\"http:\/\/peresabat.files.wordpress.com\/2008\/04\/senyera11.gif\"><span style=\"font-family:arial;font-size:130%;\"><img decoding=\"async\" alt=\"\" src=\"http:\/\/peresabat.files.wordpress.com\/2008\/04\/senyera11.gif?w=185\" border=\"0\" \/><\/span><\/a><span style=\"font-family:arial;font-size:130%;\"> El diumenge 29 de Mar\u00e7, quedar\u00e0 marcat per l\u2019homenatge conjunt que els Presidents actuals de les diferents parts del pa\u00eds van fer al Rei Jaume I de la Corona Catalano-aragonesa.<\/span><span style=\"font-family:arial;font-size:130%;\"><br \/><\/span><\/div>\n<p><span style=\"font-family:arial;\"><\/p>\n<div align=\"justify\"><span style=\"font-family:arial;font-size:130%;\">Aquest homenatge va tenir lloc a Poblet i el van fer tres Presidents auton\u00f2mics i una consellera (el President del Pa\u00eds Valenci\u00e0 no va voler anar-hi). Aquest homenatge \u00e9s doncs un gran pas per llimar dificultats i per tractar d\u2019avan\u00e7ar conjuntament cap a un nou escenari on els antics territoris catalans caminin junts.<\/span><span style=\"font-family:arial;font-size:130%;\"><br \/>Si s\u2019aconsegueix, s\u00ed \u00e9s possible articular una major interacci\u00f3 ja sigui cultural, econ\u00f2mica, tur\u00edstica o del que sigui, l\u2019evid\u00e8ncia del que ahir el President Montilla &#8220;Junts som m\u00e9s forts&#8221; s\u2019acabar\u00e0 imposant.<\/span><\/div>\n<p><span style=\"font-family:arial;\"><\/p>\n<div align=\"justify\"><span style=\"font-family:arial;font-size:130%;\">Segur que alg\u00fa em titllar\u00e0 d\u2019il\u00b7l\u00fas, d\u2019ut\u00f2pic, i si segurament t\u00e9 ra\u00f3, per\u00f2 caldria recordar que les grans pedres no les ha mogut cap pragm\u00e0tic. Si la col\u00b7laboraci\u00f3 entre aquests territoris flu\u00eds i an\u00e9s reeixint, si els lla\u00e7os que compartim s\u2019estrenyen el seg\u00fcent pas ser\u00e0 la interacci\u00f3 pol\u00edtica i aquest punt, quan arribi, caldr\u00e0 tornar a citar al President Montilla quan va dir en relaci\u00f3 al que uneix als territoris de la Corona, que a partir d\u2019ara s\u2019ha d\u2019actuar &#8220;sense renunciar a res&#8221;.<\/span><\/div>\n<div align=\"justify\"><span style=\"font-family:arial;font-size:130%;\">No pretenc fer del President Montilla el pare modern dels Pa\u00efsos Catalans, tan sols agafo algunes frases que va dir a Poblet, tot desitjant que en el 850\u00e9 aniversari del naixement de Jaume I no hi hagin quatre Presidents auton\u00f2mics d\u2019Espanya, sin\u00f3 que hi hagi els representants dels Pa\u00efsos Catalans com a l\u00edders d\u2019un poble que ha estat lliure, i que vol tornar-ho a ser.<br \/><\/span><\/div>\n<p><\/span><\/span><\/p>\n<div class=\"blogger-post-footer\"><img width='1' height='1' src='https:\/\/blogger.googleusercontent.com\/tracker\/2467933452740288616-8945347700824657889?l=peresabat.blogspot.com' alt='' \/><\/div>\n","protected":false},"excerpt":{"rendered":"<p>El diumenge 29 de Mar\u00e7, quedar\u00e0 marcat per l\u2019homenatge conjunt que els Presidents actuals de les diferents parts del pa\u00eds van fer al Rei Jaume I de la Corona Catalano-aragonesa. Aquest homenatge va tenir lloc a Poblet i el van fer tres Presidents auton\u00f2mics i una consellera (el President del Pa\u00eds Valenci\u00e0 no va voler&#8230;<\/p>\n","protected":false},"author":2,"featured_media":0,"comment_status":"open","ping_status":"open","sticky":false,"template":"","format":"standard","meta":{"footnotes":""},"categories":[26],"tags":[],"class_list":["post-115","post","type-post","status-publish","format-standard","hentry","category-uncategorized"],"_links":{"self":[{"href":"https:\/\/www.blocdelsabat.cat\/index.php?rest_route=\/wp\/v2\/posts\/115","targetHints":{"allow":["GET"]}}],"collection":[{"href":"https:\/\/www.blocdelsabat.cat\/index.php?rest_route=\/wp\/v2\/posts"}],"about":[{"href":"https:\/\/www.blocdelsabat.cat\/index.php?rest_route=\/wp\/v2\/types\/post"}],"author":[{"embeddable":true,"href":"https:\/\/www.blocdelsabat.cat\/index.php?rest_route=\/wp\/v2\/users\/2"}],"replies":[{"embeddable":true,"href":"https:\/\/www.blocdelsabat.cat\/index.php?rest_route=%2Fwp%2Fv2%2Fcomments&post=115"}],"version-history":[{"count":0,"href":"https:\/\/www.blocdelsabat.cat\/index.php?rest_route=\/wp\/v2\/posts\/115\/revisions"}],"wp:attachment":[{"href":"https:\/\/www.blocdelsabat.cat\/index.php?rest_route=%2Fwp%2Fv2%2Fmedia&parent=115"}],"wp:term":[{"taxonomy":"category","embeddable":true,"href":"https:\/\/www.blocdelsabat.cat\/index.php?rest_route=%2Fwp%2Fv2%2Fcategories&post=115"},{"taxonomy":"post_tag","embeddable":true,"href":"https:\/\/www.blocdelsabat.cat\/index.php?rest_route=%2Fwp%2Fv2%2Ftags&post=115"}],"curies":[{"name":"wp","href":"https:\/\/api.w.org\/{rel}","templated":true}]}}