{"id":1161,"date":"2010-09-05T16:00:00","date_gmt":"2010-09-05T16:00:00","guid":{"rendered":"http:\/\/peresabat.wordpress.com\/2010\/09\/05\/personatge-de-la-setmana-benyamin-netanyahu"},"modified":"2010-09-05T16:00:00","modified_gmt":"2010-09-05T16:00:00","slug":"personatge-de-la-setmana-benyamin-netanyahu","status":"publish","type":"post","link":"https:\/\/www.blocdelsabat.cat\/?p=1161","title":{"rendered":"Personatge de la setmana: Benyam\u00edn Netanyahu"},"content":{"rendered":"<p><a href=\"http:\/\/peresabat.files.wordpress.com\/2010\/09\/benyamin_netanyahu1.jpg\"><img decoding=\"async\" border=\"0\" alt=\"\" src=\"http:\/\/peresabat.files.wordpress.com\/2010\/09\/benyamin_netanyahu1.jpg?w=300\" \/><\/a><\/p>\n<div align=\"justify\"><span style=\"font-family:arial;font-size:130%;\">Benyamin Netanyahu va n\u00e9ixer el 21 d\u2019octubre de 1949 a Tel Aviv, una de les ciutats m\u00e9s importants del seu pa\u00eds. De formaci\u00f3 arquitecte va ser, com no, membre de l\u2019ex\u00e8rcit israeli\u00e0 en les forces armades especials participant en accions secretes durant la seva joventut.<\/p>\n<p>Netanyahu actualment \u00e9s primer ministre d\u2019Israel i l\u00edder del partit dret\u00e0 Likud, un c\u00e0rrec que ja va ocupar durant tres anys quan va succeir Shimon Peres al capdavant del govern, ell \u00e9s el primer cap de govern nascut despr\u00e8s de la creaci\u00f3 de l\u2019estat israeli\u00e0.<br \/>En la seva primera etapa com a primer ministre va participar en les negociacions de Wye amb Arafat, unes negociacions per\u00f2 que no van desembocar en grans aven\u00e7os cap a la resoluci\u00f3 del conflicte.<br \/>Netanyahu \u00e9s de conviccions profundes i s\u00f3n les que al capdavant de l\u2019executiu va exercir, mostra d\u2019aix\u00f2 \u00e9s decisi\u00f3 que va prendre al 1996 d\u2019obrir una entrada cap al mur de les lamentacions, amb la qual va provocar que s\u2019inici\u00e9s una escalada de viol\u00e8ncia en la que van morir desenes d\u2019israelians i prop de cent palestins. Amb tot per\u00f2, al 1999 va perdre les eleccions enfront del laborista Ehud Barack, i va decidir retirar-se provisionalment de la pol\u00edtica activa.<\/p>\n<p>No \u00e9s fins al 2002 quan el nou primer ministre, tamb\u00e9 del Likud, Ariel Sharon, el crida per entrar al govern. Netanyahu, tot i acceptar, sempre va mostrar la seva oposici\u00f3 a la creaci\u00f3 de l\u2019estat palest\u00ed o de fer concessions territorials. Aquesta oposici\u00f3 el va portar a dimitir l\u2019any 2005 arran de l\u2019aprovaci\u00f3 del Pla de retirada de Gaza. La dimissi\u00f3 la va acompanyar de frases com \u201cEl Likud s\u2019ha convertit en un partit pacifista i d\u2019esquerres\u201d, mostrant de nou el seu costat m\u00e9s dret\u00e0 i contrari a la soluci\u00f3 d\u2019un estat palest\u00ed.<br \/>Quan el Likud, davant de la p\u00e8rdua de la majoria a la Kn\u00e9set, per l\u2019aband\u00f3 coalici\u00f3 dels laboristes de la coalici\u00f3 governant, i amb l\u2019escissi\u00f3 propiciada per Sharon amb la fundaci\u00f3 del partit de centre-dreta Kadima, Netanyahu es va fer amb el control del partit i va conduir-lo als pitjors resultats de la seva hist\u00f2ria. Tot i aix\u00ed, va continuar essent-ne el l\u00edder.<\/p>\n<p>Un cop passada la turmentosa legislatura del 2006 al 2009 amb tres primers ministres del Kadima, Netanyahu, tot i perdre per un diputat les eleccions legislatives, va formar govern amb dos partits d\u2019extrema dreta i els laboristes i va convertir-se aix\u00ed, en primer ministre per segona vegada.<\/p>\n<p>Aquesta setmana Netanyahu, tenint al costat la secretaria d\u2019estat dels Estats Units, ha afirmat en el marc de la primera trobada per iniciar converses de Pau amb els palestins que el futur es basa en dos estats per la regi\u00f3. Un per la naci\u00f3 palestina; i l\u2019altre per la naci\u00f3 jueva.<\/p>\n<p>Caldr\u00e0 veure com avancen les negociacions, perqu\u00e8 \u00e9s segur que aquest nom\u00e9s haur\u00e0 estat la primera parada d\u2019un laberint de trobades, declaracions i comunicats en busca de la pau al pr\u00f2xim orient, una pau que tot i ser el m\u00e9s cautel\u00f3s possible, potser no s\u2019hauria de descartar del tot.<br \/><\/span><\/div>\n<div class=\"blogger-post-footer\"><img width='1' height='1' src='https:\/\/blogger.googleusercontent.com\/tracker\/2467933452740288616-2196262514125203493?l=peresabat.blogspot.com' alt='' \/><\/div>\n","protected":false},"excerpt":{"rendered":"<p>Benyamin Netanyahu va n\u00e9ixer el 21 d\u2019octubre de 1949 a Tel Aviv, una de les ciutats m\u00e9s importants del seu pa\u00eds. De formaci\u00f3 arquitecte va ser, com no, membre de l\u2019ex\u00e8rcit israeli\u00e0 en les forces armades especials participant en accions secretes durant la seva joventut. Netanyahu actualment \u00e9s primer ministre d\u2019Israel i l\u00edder del partit&#8230;<\/p>\n","protected":false},"author":2,"featured_media":0,"comment_status":"open","ping_status":"open","sticky":false,"template":"","format":"standard","meta":{"footnotes":""},"categories":[26],"tags":[],"class_list":["post-1161","post","type-post","status-publish","format-standard","hentry","category-uncategorized"],"_links":{"self":[{"href":"https:\/\/www.blocdelsabat.cat\/index.php?rest_route=\/wp\/v2\/posts\/1161","targetHints":{"allow":["GET"]}}],"collection":[{"href":"https:\/\/www.blocdelsabat.cat\/index.php?rest_route=\/wp\/v2\/posts"}],"about":[{"href":"https:\/\/www.blocdelsabat.cat\/index.php?rest_route=\/wp\/v2\/types\/post"}],"author":[{"embeddable":true,"href":"https:\/\/www.blocdelsabat.cat\/index.php?rest_route=\/wp\/v2\/users\/2"}],"replies":[{"embeddable":true,"href":"https:\/\/www.blocdelsabat.cat\/index.php?rest_route=%2Fwp%2Fv2%2Fcomments&post=1161"}],"version-history":[{"count":0,"href":"https:\/\/www.blocdelsabat.cat\/index.php?rest_route=\/wp\/v2\/posts\/1161\/revisions"}],"wp:attachment":[{"href":"https:\/\/www.blocdelsabat.cat\/index.php?rest_route=%2Fwp%2Fv2%2Fmedia&parent=1161"}],"wp:term":[{"taxonomy":"category","embeddable":true,"href":"https:\/\/www.blocdelsabat.cat\/index.php?rest_route=%2Fwp%2Fv2%2Fcategories&post=1161"},{"taxonomy":"post_tag","embeddable":true,"href":"https:\/\/www.blocdelsabat.cat\/index.php?rest_route=%2Fwp%2Fv2%2Ftags&post=1161"}],"curies":[{"name":"wp","href":"https:\/\/api.w.org\/{rel}","templated":true}]}}