{"id":1162,"date":"2010-09-07T18:51:00","date_gmt":"2010-09-07T18:51:00","guid":{"rendered":"http:\/\/peresabat.wordpress.com\/2010\/09\/07\/28-n-ja-sabem-la-data"},"modified":"2010-09-07T18:51:00","modified_gmt":"2010-09-07T18:51:00","slug":"28-n-ja-sabem-la-data","status":"publish","type":"post","link":"https:\/\/www.blocdelsabat.cat\/?p=1162","title":{"rendered":"28-N. Ja Sabem la Data"},"content":{"rendered":"<p><a href=\"http:\/\/4.bp.blogspot.com\/_kjTqSD8ASz4\/TIaKDJUD5fI\/AAAAAAAABlE\/PENJ1bbJPG8\/s1600\/votar.bmp\"><img decoding=\"async\" border=\"0\" alt=\"\" src=\"http:\/\/4.bp.blogspot.com\/_kjTqSD8ASz4\/TIaKDJUD5fI\/AAAAAAAABlE\/PENJ1bbJPG8\/s320\/votar.bmp\" \/><\/a><\/p>\n<div align=\"justify\"><span style=\"font-family:arial;font-size:130%;\">Despr\u00e8s de nits sense dormir, de p\u00e0gines i p\u00e0gines omplertes, despr\u00e8s que les tert\u00falies de radio i televisi\u00f3 fessin creure que de l\u2019anunci en depenia la superviv\u00e8ncia del pa\u00eds, avui ha sortit la llum!<\/p>\n<p>El President Montilla ha anunciat avui que les eleccions al Parlament de Catalunya seran el pr\u00f2xim 28 de novembre. I per la gr\u00e0cia de Rosell i Roures esperem que no coincideixi amb el Bar\u00e7a Madrid. No perqu\u00e8 cregui que la gent sigui tant in\u00fatil com per no poder fer dues coses al mateix dia, com seria anar a votar i veure el partit, sin\u00f3 perqu\u00e8 espero i desitjo tenir nom\u00e9s un atac al dia i clar, si mesclem eleccions i Bar\u00e7a a la mateixa tarda-nit\u2026 vaja preferiria no imaginar-m\u2019ho.<\/p>\n<p>Ara seriosament. El dia de les eleccions crec que era absolutament indiferent. Tenia sentit parlar del dia quan es podien celebrar o al juny o a principis de setembre, per\u00f2 passar-se setmanes discutint que si 24-O, que si 21-N\u2026 en fi, un debat m\u00e9s aviat artificial creat per qui ha d\u2019omplir tres p\u00e0gines de pol\u00edtica durant l\u2019estiu.<\/p>\n<p>Per qu\u00e8, qu\u00e8 \u00e9s el m\u00e9s important de les eleccions? El dia o el que s\u2019hi discuteix? Diria que les ments sanes d\u2019aquest pa\u00eds triaran la segona opci\u00f3. Projecte, propostes, iniciatives, accions, motius. Aix\u00f2 \u00e9s el que importa i d\u2019aix\u00f2 s\u2019ha de discutir. El <em>quan<\/em> pot ser important, per\u00f2 el <em>qu\u00e8 <\/em>\u00e9s fonamental.<\/p>\n<p>Aquestes eleccions seran, com a dit el President, transcendentals. Ho seran perqu\u00e8 en bona part marcaran la l\u00ednia d\u2019acci\u00f3 d\u2019aquest pa\u00eds per els propers anys.<br \/>El 28N podrem escollir entre tres grans opcions, entre tres maneres d\u2019entendre el pa\u00eds, en definitiva, entre tresdiversos projectes: l\u2019espanyolisme; l\u2019autonomisme\/federalisme; l\u2019independentista.<\/p>\n<p>L\u2019espanyolisme \u2013cutre de sempre- ser\u00e0 representat per <em>Ciudadanos<\/em>; Uni\u00f3n <em>Progreso y Democracia<\/em> i el <em>Partido Popular<\/em>. Els segons s\u00f3n els \u00fanics que, de moment, els falta concretar el cap de llista per\u00f2 tot apunta a l\u2019ex diputat de Ciudadanos Antonio Robles. Aquesta opci\u00f3 evidentment entrar\u00e0 en tromba contra lindependentisme i contra el catal\u00e0, com han anat demostrant, i apostant clarament per una Catalunya espanyola. \u201c<em>Una regi\u00f3n<\/em>\u201d.<\/p>\n<p>El segon calaix \u00e9s l\u2019autonomisme\/federalisme. Aquest \u00e9s representat per CiU, PSC i ICV. Que quedi clar per evitar males interpretacions: amb aix\u00f2 no vull dir que els partits de la socioverg\u00e8ncia representin el mateix. El PSC s\u2019ha vist totalment despla\u00e7at del discurs que ha agafat el catalanisme pol\u00edtic i s\u2019ha embarrancat en l\u2019aposta de negar el dret a decidir per escollir quina relaci\u00f3 amb Espanya es vol i s\u2019ha arrambat a l\u2019ala m\u00e9s propera al PSOE. Per altra banda, CiU que durant tota la legislatura ha elevat com mai els seus plantejaments nacionals, ara aposta per exercir el dret a decidir en les q\u00fcestions que aconsegueixin consensos \u00e0mpliament majoritaris al si de la societat, que segons el diputat Antoni Castell\u00e0 s\u2019haurien de situar al voltant del 80 o 90%. Per tant, CiU no aposta per reformar la relaci\u00f3 amb Espanya i s\u2019acontenta amb la demanda del concert econ\u00f2mic. Amb tot, substancialment diferent que el PSC. I finalment ICV. ICV aposta per realitzar un refer\u00e8ndum multiopci\u00f3 que inclogui les tres opcions \u2013autonomisme-federalisme-independentisme- i ells demanarien el vot per la segona opci\u00f3.<\/p>\n<p>El tercer calaix, l\u2019independentista, es divideix en dues opcions diferenciades. Per una banda hi ha els que volen la independ\u00e8ncia ja, degut a que creuen que hi ha una majoria social a favor del S\u00ed, i que estan representats per Solidaritat Catalana i Reagrupament que han protagonitzat una de les batalles m\u00e9s surrealistes que es recorden. L\u2019altra opci\u00f3 de l\u2019independentisme, Esquerra, \u00e9s la que aposta per celebrar un refer\u00e8ndum la propera legislatura sobre el futur del pa\u00eds, fent-la prioritat electoral i imprescindible per formar govern.<\/p>\n<p>Aquest \u00e9s el panorama general que ens trobarem el 28N. Tres opcions generals que determinaran la composici\u00f3 del Parlament i el futur pol\u00edtic del pa\u00eds. I el m\u00e9s bo de tot, \u00e9s que nosaltres podrem decidir quin \u00e9s el cam\u00ed a seguir\u2026<\/span> <\/div>\n<div align=\"justify\"> <\/div>\n<div class=\"blogger-post-footer\"><img width='1' height='1' src='https:\/\/blogger.googleusercontent.com\/tracker\/2467933452740288616-7858689231998925525?l=peresabat.blogspot.com' alt='' \/><\/div>\n","protected":false},"excerpt":{"rendered":"<p>Despr\u00e8s de nits sense dormir, de p\u00e0gines i p\u00e0gines omplertes, despr\u00e8s que les tert\u00falies de radio i televisi\u00f3 fessin creure que de l\u2019anunci en depenia la superviv\u00e8ncia del pa\u00eds, avui ha sortit la llum! El President Montilla ha anunciat avui que les eleccions al Parlament de Catalunya seran el pr\u00f2xim 28 de novembre. I per&#8230;<\/p>\n","protected":false},"author":2,"featured_media":0,"comment_status":"open","ping_status":"open","sticky":false,"template":"","format":"standard","meta":{"footnotes":""},"categories":[26],"tags":[],"class_list":["post-1162","post","type-post","status-publish","format-standard","hentry","category-uncategorized"],"_links":{"self":[{"href":"https:\/\/www.blocdelsabat.cat\/index.php?rest_route=\/wp\/v2\/posts\/1162","targetHints":{"allow":["GET"]}}],"collection":[{"href":"https:\/\/www.blocdelsabat.cat\/index.php?rest_route=\/wp\/v2\/posts"}],"about":[{"href":"https:\/\/www.blocdelsabat.cat\/index.php?rest_route=\/wp\/v2\/types\/post"}],"author":[{"embeddable":true,"href":"https:\/\/www.blocdelsabat.cat\/index.php?rest_route=\/wp\/v2\/users\/2"}],"replies":[{"embeddable":true,"href":"https:\/\/www.blocdelsabat.cat\/index.php?rest_route=%2Fwp%2Fv2%2Fcomments&post=1162"}],"version-history":[{"count":0,"href":"https:\/\/www.blocdelsabat.cat\/index.php?rest_route=\/wp\/v2\/posts\/1162\/revisions"}],"wp:attachment":[{"href":"https:\/\/www.blocdelsabat.cat\/index.php?rest_route=%2Fwp%2Fv2%2Fmedia&parent=1162"}],"wp:term":[{"taxonomy":"category","embeddable":true,"href":"https:\/\/www.blocdelsabat.cat\/index.php?rest_route=%2Fwp%2Fv2%2Fcategories&post=1162"},{"taxonomy":"post_tag","embeddable":true,"href":"https:\/\/www.blocdelsabat.cat\/index.php?rest_route=%2Fwp%2Fv2%2Ftags&post=1162"}],"curies":[{"name":"wp","href":"https:\/\/api.w.org\/{rel}","templated":true}]}}