{"id":1182,"date":"2010-10-03T15:45:00","date_gmt":"2010-10-03T15:45:00","guid":{"rendered":"http:\/\/peresabat.wordpress.com\/2010\/10\/03\/personatge-de-la-setmana-castellers-de-vilafranca"},"modified":"2010-10-03T15:45:00","modified_gmt":"2010-10-03T15:45:00","slug":"personatge-de-la-setmana-castellers-de-vilafranca","status":"publish","type":"post","link":"https:\/\/www.blocdelsabat.cat\/?p=1182","title":{"rendered":"Personatge de la setmana: Castellers de Vilafranca"},"content":{"rendered":"<p><span style=\"font-family:arial;font-size:130%;\">Per esfor\u00e7, per dedicaci\u00f3, per ambici\u00f3, per voler ser-hi.<br \/>Per la hist\u00f2ria, per fer un pas m\u00e9s, per tots. Per Vilafranca.<\/p>\n<p>Avui una passa m\u00e9s en la meravellosa hist\u00f2ria dels Castellers. Una d\u00e8cada guanyant, una d\u00e8cada liderant els castells, una d\u00e8cada tocant el sostre del m\u00f3n.<\/p>\n<p>Felicitats a tots! Visca els Castellers! Visca Vilafranca!!!!!<\/span><\/p>\n<p><\/p>\n<p align=\"center\">\n<p align=\"center\">\n<div class=\"blogger-post-footer\"><img width='1' height='1' src='https:\/\/blogger.googleusercontent.com\/tracker\/2467933452740288616-670920254328772331?l=peresabat.blogspot.com' alt='' \/><\/div>\n","protected":false},"excerpt":{"rendered":"<p>Per esfor\u00e7, per dedicaci\u00f3, per ambici\u00f3, per voler ser-hi.Per la hist\u00f2ria, per fer un pas m\u00e9s, per tots. Per Vilafranca. Avui una passa m\u00e9s en la meravellosa hist\u00f2ria dels Castellers. Una d\u00e8cada guanyant, una d\u00e8cada liderant els castells, una d\u00e8cada tocant el sostre del m\u00f3n. Felicitats a tots! Visca els Castellers! Visca Vilafranca!!!!!<\/p>\n","protected":false},"author":2,"featured_media":0,"comment_status":"open","ping_status":"open","sticky":false,"template":"","format":"standard","meta":{"footnotes":""},"categories":[26],"tags":[],"class_list":["post-1182","post","type-post","status-publish","format-standard","hentry","category-uncategorized"],"_links":{"self":[{"href":"https:\/\/www.blocdelsabat.cat\/index.php?rest_route=\/wp\/v2\/posts\/1182","targetHints":{"allow":["GET"]}}],"collection":[{"href":"https:\/\/www.blocdelsabat.cat\/index.php?rest_route=\/wp\/v2\/posts"}],"about":[{"href":"https:\/\/www.blocdelsabat.cat\/index.php?rest_route=\/wp\/v2\/types\/post"}],"author":[{"embeddable":true,"href":"https:\/\/www.blocdelsabat.cat\/index.php?rest_route=\/wp\/v2\/users\/2"}],"replies":[{"embeddable":true,"href":"https:\/\/www.blocdelsabat.cat\/index.php?rest_route=%2Fwp%2Fv2%2Fcomments&post=1182"}],"version-history":[{"count":0,"href":"https:\/\/www.blocdelsabat.cat\/index.php?rest_route=\/wp\/v2\/posts\/1182\/revisions"}],"wp:attachment":[{"href":"https:\/\/www.blocdelsabat.cat\/index.php?rest_route=%2Fwp%2Fv2%2Fmedia&parent=1182"}],"wp:term":[{"taxonomy":"category","embeddable":true,"href":"https:\/\/www.blocdelsabat.cat\/index.php?rest_route=%2Fwp%2Fv2%2Fcategories&post=1182"},{"taxonomy":"post_tag","embeddable":true,"href":"https:\/\/www.blocdelsabat.cat\/index.php?rest_route=%2Fwp%2Fv2%2Ftags&post=1182"}],"curies":[{"name":"wp","href":"https:\/\/api.w.org\/{rel}","templated":true}]}}