{"id":1189,"date":"2010-10-27T13:53:00","date_gmt":"2010-10-27T13:53:00","guid":{"rendered":"http:\/\/peresabat.wordpress.com\/2010\/10\/27\/lultim-parlem-ne-del-mestre-sola"},"modified":"2010-10-27T13:53:00","modified_gmt":"2010-10-27T13:53:00","slug":"lultim-parlem-ne-del-mestre-sola","status":"publish","type":"post","link":"https:\/\/www.blocdelsabat.cat\/?p=1189","title":{"rendered":"L&#8217;\u00faltim &#8220;Parlem-ne&#8221; del Mestre Sol\u00e0"},"content":{"rendered":"<p><a href=\"http:\/\/peresabat.files.wordpress.com\/2010\/10\/joan_solc3a01.jpg\"><img decoding=\"async\" border=\"0\" alt=\"\" src=\"http:\/\/peresabat.files.wordpress.com\/2010\/10\/joan_solc3a01.jpg?w=300\" \/><\/a><\/p>\n<div align=\"justify\"><span style=\"font-family:arial;font-size:130%;\">Avui ens ha deixat un dels grans del pa\u00eds. Per aix\u00f2 publico avui l\u2019\u00faltim article que va escriure per el diari AVUI el passat dijous en el suplement CULTURA. Descansi en pau!<\/p>\n<p><em>Amics lectors: ha arribat el moment de cloure la meva col\u00b7laboraci\u00f3 en aquesta secci\u00f3 del diari. Durant 36 anys d\u2019escriure un article setmanal a la premsa, n\u2019he publicat uns 1050 en tres rotatius: Diari de Barcelona (1974-1976, 1990-1991), setmanari El M\u00f3n (1981-1984) i Avui (des de 1991). Crec que era l\u2019Espin\u00e0s que va acceptar d\u2019escriure una columna di\u00e0ria per\u00f2 no hauria acceptat d\u2019escriure\u2019n una cada setmana. Ho devia trobar m\u00e9s dif\u00edcil: ell era i \u00e9s periodista i, com deia Pla, el periodista veu el m\u00f3n en forma d\u2019article. Per\u00f2 jo no s\u00f3c periodista i els primers anys del Diari de Barcelona vivia angoixat tota la setmana pensant en l\u2019article. Despr\u00e9s n\u2019he anat aprenent, no hauria calgut sin\u00f3!; per\u00f2 m\u00e9s del noranta per cent han sigut fruit de moltes hores i mesos i anys; i tot, a la vora de les meves altres obligacions: les classes a la universitat, la investigaci\u00f3 i la direcci\u00f3 de projectes.<\/p>\n<p>La pr\u00e0ctica de l\u2019article setmanal m\u2019ha proporcionat diversos beneficis clars: m\u2019ha ensenyat a escriure i m\u2019ha fet viure cont\u00ednuament obert i alerta a la ling\u00fc\u00edstica catalana i universal, a llegir i escoltar les opinions dels col\u00b7legues; per\u00f2 tamb\u00e9 m\u2019ha impedit d\u2019arrepapar-me en el sagrat clos de la ling\u00fc\u00edstica pura o massa pragm\u00e0tica (els problemes gramaticals, els barbarismes, etc.), i he hagut d\u2019estar atent a les vicissituds pol\u00edtiques, socials i liter\u00e0ries del poble que parla la llengua de qu\u00e8 m\u2019ocupava. Avui, fruit d\u2019aquest exercici d\u2019anys, estic completament conven\u00e7ut de dues coses: primera, que si una llengua no ens serveix per crear-hi comunicaci\u00f3 i bellesa, \u00bfde qu\u00e8 ens serveix?, no t\u00e9 futur; i segona, del lligam inextricable entre poble, individu i llengua: una llengua no pot ser digna i mantenir-se si qui la parla no viu amb dignitat i confian\u00e7a i si el poble que la t\u00e9 com a patrimoni no \u00e9s lliure sin\u00f3 que viu subjugat, com nosaltres, durant segles a un Estat que sempre ens ha sigut hostil. No s\u00f3n poca cosa, doncs, els guanys. L\u2019esfor\u00e7 ha valgut la pena. Sempre i d\u2019arreu m\u2019han arribat veus de col\u00b7legues, d\u2019amics, de desconeguts de tota mena que m\u2019han encoratjat fent-me veure que la secci\u00f3 els era \u00fatil. Molt\u00edssimes gr\u00e0cies, legi\u00f3 de lectors m\u00e9s o menys an\u00f2nims: els qui escrivim no f\u00f3rem res sense vosaltres, no existir\u00edem o ens colltor\u00e7ar\u00edem aviat.<\/p>\n<p>Per\u00f2 \u00e9s llei de vida: cal donar pas als m\u00e9s joves, que tenen molta m\u00e9s empenta i m\u00e9s informaci\u00f3 (i molta m\u00e9s facilitat d\u2019obtenir-ne amb les noves t\u00e8cniques) i veuen la vida de la llengua de m\u00e9s a prop, sense els nostres encarcaraments. Afortunadament hi ha des de fa mesos i anys m\u00e9s d\u2019un col\u00b7lega que barrina amb molta preparaci\u00f3 i molta gr\u00e0cia sobre aquesta llengua, que \u00e9s inexhaurible, com ho \u00e9s tota ci\u00e8ncia: cada generaci\u00f3 renova els punts de vista i la metodologia de tot all\u00f2 que toca, i gr\u00e0cies a aix\u00f2 podem avui llegir m\u00e9s b\u00e9 que ahir els grans poemes hom\u00e8rics o la B\u00edblia, podem escrutar amb menys mitologia el passat hist\u00f2ric, podem \u00abllegir\u00bb amb m\u00e9s claredat les excavacions d\u2019Emp\u00faries, podem veure la llengua sota prismes ja molt diferents dels que tenien \/ ten\u00edem als anys seixanta setanta del segle passat. I aix\u00f2 no \u00e9s sin\u00f3 un gran signe de civilitzaci\u00f3 i d\u2019esperan\u00e7a. Deia l\u2019Iu Forn, que va plegar tamb\u00e9 d\u2019escriure en aquest diari fa uns mesos, que darrere meu en vindr\u00e0 un altre, i un altre, perqu\u00e8 la vida continua, i el que \u00e9s passar passar, no passa mai res de m\u00e9s transcendent, encara que les presses i els reclams dels mitjans de comunicaci\u00f3 i dels pol\u00edtics de vegades sembla que ens volen posar l\u2019\u00e0nsia i la por al cos.<\/p>\n<p>Apa, lectors, a continuar fidels als mitjans escrits o dits en catal\u00e0, a continuar gaudint dels comentaris ling\u00fc\u00edstics que els especialistes voldran anar-nos proporcionant. I molt\u00edssimes gr\u00e0cies. <\/em><\/span><\/div>\n<p><\/p>\n<div align=\"justify\"><span style=\"font-family:arial;font-size:130%;\"><\/span><\/div>\n<p><\/p>\n<div align=\"justify\"><span style=\"font-family:arial;font-size:130%;\">Gr\u00e0cies a vost\u00e8.<\/span><\/div>\n<div class=\"blogger-post-footer\"><img width='1' height='1' src='https:\/\/blogger.googleusercontent.com\/tracker\/2467933452740288616-8701811246154039288?l=peresabat.blogspot.com' alt='' \/><\/div>\n","protected":false},"excerpt":{"rendered":"<p>Avui ens ha deixat un dels grans del pa\u00eds. Per aix\u00f2 publico avui l\u2019\u00faltim article que va escriure per el diari AVUI el passat dijous en el suplement CULTURA. Descansi en pau! Amics lectors: ha arribat el moment de cloure la meva col\u00b7laboraci\u00f3 en aquesta secci\u00f3 del diari. Durant 36 anys d\u2019escriure un article setmanal&#8230;<\/p>\n","protected":false},"author":2,"featured_media":0,"comment_status":"open","ping_status":"open","sticky":false,"template":"","format":"standard","meta":{"footnotes":""},"categories":[26],"tags":[],"class_list":["post-1189","post","type-post","status-publish","format-standard","hentry","category-uncategorized"],"_links":{"self":[{"href":"https:\/\/www.blocdelsabat.cat\/index.php?rest_route=\/wp\/v2\/posts\/1189","targetHints":{"allow":["GET"]}}],"collection":[{"href":"https:\/\/www.blocdelsabat.cat\/index.php?rest_route=\/wp\/v2\/posts"}],"about":[{"href":"https:\/\/www.blocdelsabat.cat\/index.php?rest_route=\/wp\/v2\/types\/post"}],"author":[{"embeddable":true,"href":"https:\/\/www.blocdelsabat.cat\/index.php?rest_route=\/wp\/v2\/users\/2"}],"replies":[{"embeddable":true,"href":"https:\/\/www.blocdelsabat.cat\/index.php?rest_route=%2Fwp%2Fv2%2Fcomments&post=1189"}],"version-history":[{"count":0,"href":"https:\/\/www.blocdelsabat.cat\/index.php?rest_route=\/wp\/v2\/posts\/1189\/revisions"}],"wp:attachment":[{"href":"https:\/\/www.blocdelsabat.cat\/index.php?rest_route=%2Fwp%2Fv2%2Fmedia&parent=1189"}],"wp:term":[{"taxonomy":"category","embeddable":true,"href":"https:\/\/www.blocdelsabat.cat\/index.php?rest_route=%2Fwp%2Fv2%2Fcategories&post=1189"},{"taxonomy":"post_tag","embeddable":true,"href":"https:\/\/www.blocdelsabat.cat\/index.php?rest_route=%2Fwp%2Fv2%2Ftags&post=1189"}],"curies":[{"name":"wp","href":"https:\/\/api.w.org\/{rel}","templated":true}]}}