{"id":1196,"date":"2010-10-31T19:47:00","date_gmt":"2010-10-31T19:47:00","guid":{"rendered":"http:\/\/peresabat.wordpress.com\/2010\/10\/31\/personatge-de-la-setmana-maria-luisa-cava-de-llano"},"modified":"2010-10-31T19:47:00","modified_gmt":"2010-10-31T19:47:00","slug":"personatge-de-la-setmana-maria-luisa-cava-de-llano","status":"publish","type":"post","link":"https:\/\/www.blocdelsabat.cat\/?p=1196","title":{"rendered":"Personatge de la setmana: Mar\u00eda Luisa Cava de Llano"},"content":{"rendered":"<p><a href=\"http:\/\/peresabat.files.wordpress.com\/2010\/10\/maria_luisa_cava_de_llano1.jpg\"><img decoding=\"async\" border=\"0\" alt=\"\" src=\"http:\/\/peresabat.files.wordpress.com\/2010\/10\/maria_luisa_cava_de_llano1.jpg?w=259\" \/><\/a><\/p>\n<div align=\"justify\"><span style=\"font-family:arial;font-size:130%;\">Que la sent\u00e8ncia de l\u2019estatut dictada per el Tribunal Constitucional nom\u00e9s era el principi d\u2019una etapa dura i dif\u00edcil ja se sabia. Que aquesta etapa es fonamentaria per les constants provocacions del nacionalisme exacerbat procedent de les castelles, ja se sabia. Per\u00f2 segurament la gravetat d\u2019aquesta virul\u00e8ncia no s\u2019havia quantificat. I ells ho tenien molt clar. No feien broma.<\/p>\n<p>Quatre mesos despr\u00e8s de l\u2019execuci\u00f3 p\u00fablica del projecte federal espanyol, la primera onada anticatalana post-sent\u00e8ncia ha arribat. Objectiu: el catal\u00e0. Tot l\u2019espanyolisme s\u2019ha llen\u00e7at a atacar al catal\u00e0 per expulsar-lo de les institucions.<\/p>\n<p>El PP fent gala de la poca evoluci\u00f3 ideol\u00f2gica envers els seus predecessors dels anys 40 i amb l\u2019alegria que els caracteritza, ha comen\u00e7at el que segur ells entenen com a santa croada per garantir el sagrat \u201cbiling\u00fcisme\u201d per salvaguardar una pobre llengua minoritzada a Catalunya que es troba en perill d\u2019extinci\u00f3 com \u00e9s el castell\u00e0, car, nom\u00e9s \u00e9s parlat per m\u00e9s de 300 milions de persones arreu del m\u00f3n. Comprensible tot plegat.<\/p>\n<p>Realment, si no \u00e9s per un odi profund, una repulsi\u00f3 total a tot all\u00f2 que soni a catal\u00e0 i a la creen\u00e7a de la superioritat racial espanyola per sobre de totes les coses que tenen la gosadia de viure sense parlar castell\u00e0 i no sentir-se tan nacionalcat\u00f2lic com ells, costa d\u2019entendre la virul\u00e8ncia espanyola.<\/p>\n<p>Els enviats terrenals de la santa croada tenen en la seva \u201cdefensora\u201d una gran aliada. Com a defensora del seu \u201cpueblo\u201d s\u2019ha de recon\u00e8ixer que actua correctament. Intenta protegir aquells que pateixen una opressi\u00f3 constant, planificada i estructurada per eliminar el castell\u00e0 de Catalunya. Un genocidi en tota regla. Nom\u00e9s cal passejar-se un dia qualsevol per la ciutat o poble que es vulgui per comprovar que no hi ha cap cartell de cap establiment en castell\u00e0 i que quan alg\u00fa diu alguna paraula en castell\u00e0 com podria ser un \u201c<em>hola<\/em>\u201d surten dos Mossos del no res i entaforen la persona que ha dit la paraula malsonant en un cotxe i la porten al camp de concentraci\u00f3 de la Bota d\u2019on no en sortir\u00e0 mai dels mai\u2019s. S\u00ed s\u00ed, com deia l\u2019ABC \u201c<em>como con Franco, per\u00f3 al rev\u00e9s\u201d.<br \/><\/em>Sort que en tenen de la seva defensora constitucional pels quatre costats.<\/p>\n<p>La ll\u00e0stima \u00e9s que aquesta barcelonina nascuda l\u2019any 1948 i militant de la post-feixista Alianza Popular i del Partit Popular, o \u00e9s una indocumentada que gaudeix exercint-ne, o simplement \u00e9s que l\u2019operaci\u00f3 de tants i tants il\u00b7lustres mal nascuts com Felip V, Olivares, Primo de Rivera o Aznar ha entrat en l\u2019etapa final. \u201c<em>Por lo civil o lo criminal<\/em>\u201d, per\u00f2 acabar amb el catal\u00e0. La mal nascuda llicenciada en dret no parar\u00e0, i de fet, el mateix TC que va finiquitar l\u2019autonomisme encara ha de dictar sent\u00e8ncia per el recurs que un altre il\u00b7lustre com \u00e9s Enrique M\u00fagica, va presentar i que afecta sobretot l\u2019\u00e0mbit ling\u00fc\u00edstic. Aix\u00f2 nom\u00e9s \u00e9s el principi. Avui han estat els reglaments dels ajuntaments, dem\u00e0 ser\u00e0 TVC i la setmana vinent l\u2019escola p\u00fablica.<\/p>\n<p>Fa r\u00e0bia que energ\u00famens com Cava de Llano o la tropa de nacionalistes recalcitrants de la meseta intentin trencar una societat com la catalana que ha fet de la diversitat un valor a preservar i no una f\u00f2bia com fan ells.<\/p>\n<p>Aix\u00f2 s\u00ed, potser no ho saben entretinguts com estan comptant multes ling\u00fc\u00edstiques, per\u00f2 haurien de saber que el poble que tan odien, menyspreen i trepitgen \u00e9s orgull\u00f3s i quan l\u2019ataquen respon. M\u00e9s aviat o m\u00e9s tard, per\u00f2 sempre respon, i m\u00e9s quan toquen la llengua.<\/p>\n<p><\/span><\/div>\n<div class=\"blogger-post-footer\"><img width='1' height='1' src='https:\/\/blogger.googleusercontent.com\/tracker\/2467933452740288616-170024744562921607?l=peresabat.blogspot.com' alt='' \/><\/div>\n","protected":false},"excerpt":{"rendered":"<p>Que la sent\u00e8ncia de l\u2019estatut dictada per el Tribunal Constitucional nom\u00e9s era el principi d\u2019una etapa dura i dif\u00edcil ja se sabia. Que aquesta etapa es fonamentaria per les constants provocacions del nacionalisme exacerbat procedent de les castelles, ja se sabia. Per\u00f2 segurament la gravetat d\u2019aquesta virul\u00e8ncia no s\u2019havia quantificat. I ells ho tenien molt&#8230;<\/p>\n","protected":false},"author":2,"featured_media":0,"comment_status":"open","ping_status":"open","sticky":false,"template":"","format":"standard","meta":{"footnotes":""},"categories":[26],"tags":[],"class_list":["post-1196","post","type-post","status-publish","format-standard","hentry","category-uncategorized"],"_links":{"self":[{"href":"https:\/\/www.blocdelsabat.cat\/index.php?rest_route=\/wp\/v2\/posts\/1196","targetHints":{"allow":["GET"]}}],"collection":[{"href":"https:\/\/www.blocdelsabat.cat\/index.php?rest_route=\/wp\/v2\/posts"}],"about":[{"href":"https:\/\/www.blocdelsabat.cat\/index.php?rest_route=\/wp\/v2\/types\/post"}],"author":[{"embeddable":true,"href":"https:\/\/www.blocdelsabat.cat\/index.php?rest_route=\/wp\/v2\/users\/2"}],"replies":[{"embeddable":true,"href":"https:\/\/www.blocdelsabat.cat\/index.php?rest_route=%2Fwp%2Fv2%2Fcomments&post=1196"}],"version-history":[{"count":0,"href":"https:\/\/www.blocdelsabat.cat\/index.php?rest_route=\/wp\/v2\/posts\/1196\/revisions"}],"wp:attachment":[{"href":"https:\/\/www.blocdelsabat.cat\/index.php?rest_route=%2Fwp%2Fv2%2Fmedia&parent=1196"}],"wp:term":[{"taxonomy":"category","embeddable":true,"href":"https:\/\/www.blocdelsabat.cat\/index.php?rest_route=%2Fwp%2Fv2%2Fcategories&post=1196"},{"taxonomy":"post_tag","embeddable":true,"href":"https:\/\/www.blocdelsabat.cat\/index.php?rest_route=%2Fwp%2Fv2%2Ftags&post=1196"}],"curies":[{"name":"wp","href":"https:\/\/api.w.org\/{rel}","templated":true}]}}