{"id":1197,"date":"2010-11-01T17:53:00","date_gmt":"2010-11-01T17:53:00","guid":{"rendered":"http:\/\/peresabat.wordpress.com\/2010\/11\/01\/generacio-ni-ni"},"modified":"2010-11-01T17:53:00","modified_gmt":"2010-11-01T17:53:00","slug":"generacio-ni-ni","status":"publish","type":"post","link":"https:\/\/www.blocdelsabat.cat\/?p=1197","title":{"rendered":"Generaci\u00f3 Ni-Ni"},"content":{"rendered":"<p><a href=\"http:\/\/peresabat.files.wordpress.com\/2010\/11\/ni-ni1.jpg\"><img decoding=\"async\" border=\"0\" alt=\"\" src=\"http:\/\/peresabat.files.wordpress.com\/2010\/11\/ni-ni1.jpg?w=300\" \/><\/a><\/p>\n<div align=\"justify\"><span style=\"font-family:arial;font-size:130%;\">Queda un mes per les eleccions, i com diu el t\u00f2pic, ja es nota en l\u2019aire. Queden doncs menys de 30 dies perqu\u00e8 es resolgui la inc\u00f2gnita de qui s\u2019asseur\u00e0 al Parlament i dirigir\u00e0 el pa\u00eds durant els pr\u00f2xims quatre anys.<br \/>Un dels debats que ha entrat durant els \u00faltims dies a la campanya, ha estat els anomenats \u201cNi-Ni\u2019s\u201d, els joves que ni estudien ni treballen. La pol\u00e8mica ha sortit gr\u00e0cies al pla d\u2019ajudes que el govern ha aprovat aquesta \u00faltima setmana.<\/p>\n<p>No s\u00e9 si els dirigents del PSC han pensat realment la introducci\u00f3 d\u2019aquest tema en la campanya, per\u00f2 no deixa de ser curi\u00f3s que justament quan s\u2019anuncia el pla d\u2019ajuts per aquest col\u00b7lectiu de joves, el mateix PSC inici\u00ef la campanya \u201cNi independentista, Ni de dretes\u201d i firmat com a \u201cPresident Montilla\u201d. No s\u00e9 si \u00e9s la millor estrat\u00e8gia presentar a un candidat que al mateix temps, encara, \u00e9s President com un simple Ni-Ni.<\/p>\n<p>El PSC es presenta com el partit Ni-Ni, i aix\u00f2 \u00e9s significatiu. Els socialistes per identificar-se neguen als altres. Per establir el qu\u00e8 s\u00f3n, necessiten menysprear als que no pensen com ells. No han fet una campanya dient, per exemple, \u201cFederalistes ut\u00f2pics i de centre-esquerra transformista liberal\u201d, no, han preferit negar els trets b\u00e0sics de Converg\u00e8ncia i d\u2019Esquerra per poder afirmar-se ells. Establir el seu marc de joc, tan ideol\u00f2gic com de possibles pactes, a partir de contraposar-se als altres. Amb aquesta campanya el PSC no est\u00e0 dient qu\u00e8 pret\u00e9n fer, quin \u00e9s el seu projecte o quines propostes tenen, nom\u00e9s diuen que no s\u00f3n independentistes ni de dretes. Molt b\u00e9, per\u00f2 qu\u00e8 s\u00f3n llavors? Liberals progressistes? De centre? D\u2019extrema esquerra? Federalistes, autonomistes? Recentralitzadors? No se sap. Nom\u00e9s se sap que s\u00f3n Ni-Ni\u2019s.<\/p>\n<p>Les campanyes socialistes s\u2019havien caracteritzat \u00faltimament per estar centrades en el rebuig frontal a les idees del Partit Popular. Ara en canvi es centren en contraposar-se, no a la dreta cavern\u00edcola, sin\u00f3 a l\u2019independentisme i a les forces de centre-dreta com CiU. Sincerament, costa d\u2019entendre aquest canvi d\u2019adversari.<\/p>\n<p>Ja van avisar quan van canviar l\u2019equip de campanya. Una nova generaci\u00f3, deien. S\u00ed, la generaci\u00f3 Ni-Ni.<\/p>\n<p><\/span><\/div>\n<div class=\"blogger-post-footer\"><img width='1' height='1' src='https:\/\/blogger.googleusercontent.com\/tracker\/2467933452740288616-131957525437447269?l=peresabat.blogspot.com' alt='' \/><\/div>\n","protected":false},"excerpt":{"rendered":"<p>Queda un mes per les eleccions, i com diu el t\u00f2pic, ja es nota en l\u2019aire. Queden doncs menys de 30 dies perqu\u00e8 es resolgui la inc\u00f2gnita de qui s\u2019asseur\u00e0 al Parlament i dirigir\u00e0 el pa\u00eds durant els pr\u00f2xims quatre anys.Un dels debats que ha entrat durant els \u00faltims dies a la campanya, ha estat&#8230;<\/p>\n","protected":false},"author":2,"featured_media":0,"comment_status":"open","ping_status":"open","sticky":false,"template":"","format":"standard","meta":{"footnotes":""},"categories":[26],"tags":[],"class_list":["post-1197","post","type-post","status-publish","format-standard","hentry","category-uncategorized"],"_links":{"self":[{"href":"https:\/\/www.blocdelsabat.cat\/index.php?rest_route=\/wp\/v2\/posts\/1197","targetHints":{"allow":["GET"]}}],"collection":[{"href":"https:\/\/www.blocdelsabat.cat\/index.php?rest_route=\/wp\/v2\/posts"}],"about":[{"href":"https:\/\/www.blocdelsabat.cat\/index.php?rest_route=\/wp\/v2\/types\/post"}],"author":[{"embeddable":true,"href":"https:\/\/www.blocdelsabat.cat\/index.php?rest_route=\/wp\/v2\/users\/2"}],"replies":[{"embeddable":true,"href":"https:\/\/www.blocdelsabat.cat\/index.php?rest_route=%2Fwp%2Fv2%2Fcomments&post=1197"}],"version-history":[{"count":0,"href":"https:\/\/www.blocdelsabat.cat\/index.php?rest_route=\/wp\/v2\/posts\/1197\/revisions"}],"wp:attachment":[{"href":"https:\/\/www.blocdelsabat.cat\/index.php?rest_route=%2Fwp%2Fv2%2Fmedia&parent=1197"}],"wp:term":[{"taxonomy":"category","embeddable":true,"href":"https:\/\/www.blocdelsabat.cat\/index.php?rest_route=%2Fwp%2Fv2%2Fcategories&post=1197"},{"taxonomy":"post_tag","embeddable":true,"href":"https:\/\/www.blocdelsabat.cat\/index.php?rest_route=%2Fwp%2Fv2%2Ftags&post=1197"}],"curies":[{"name":"wp","href":"https:\/\/api.w.org\/{rel}","templated":true}]}}