{"id":1201,"date":"2010-11-06T15:51:00","date_gmt":"2010-11-06T15:51:00","guid":{"rendered":"http:\/\/peresabat.wordpress.com\/2010\/11\/06\/un-nou-pais-ara"},"modified":"2010-11-06T15:51:00","modified_gmt":"2010-11-06T15:51:00","slug":"un-nou-pais-ara","status":"publish","type":"post","link":"https:\/\/www.blocdelsabat.cat\/?p=1201","title":{"rendered":"Un nou pa\u00eds? ARA"},"content":{"rendered":"<p><a href=\"http:\/\/peresabat.files.wordpress.com\/2010\/11\/arafaremundiari1.jpg\"><img decoding=\"async\" border=\"0\" alt=\"\" src=\"http:\/\/peresabat.files.wordpress.com\/2010\/11\/arafaremundiari1.jpg?w=200\" \/><\/a><\/p>\n<div align=\"justify\"><span style=\"font-family:arial;font-size:130%;\">Diuen que ve un nou m\u00f3n, un nou pa\u00eds, i a m\u00e9s, diuen que ho hem de fer junts. Realment no s\u00e9 si ve un nou m\u00f3n o un nou pa\u00eds, per\u00f2 el que s\u00ed s\u00e9 \u00e9s que potser s\u00ed que ho farem junts.<br \/>He escrit m\u00e9s d\u2019un cop que el nostre pa\u00eds necessita, com un n\u00e0ufrag l\u2019aigua, un sistema de comunicaci\u00f3 propi, un entramat de mitjans que apostin clarament per ser capdavanters tenint una visi\u00f3 nacional de la realitat, que interpreti els fets i els esdeveniments amb el cap pensant cap a Catalunya. De Catalunya al m\u00f3n. Ser catalnoc\u00e8ntrics no ha d\u2019anar en contra de voler ser l\u00edders en informaci\u00f3, qualitat i credibilitat. El contrari. Ha de ser un est\u00edmul.<\/p>\n<p>Fa temps que es deia que sortiria, per\u00f2 no acabava de passar mai. Ara finalment passa. I ara vol dir Ara.<\/p>\n<p>L\u2019aparici\u00f3 de l\u2019Ara \u00e9s una not\u00edcia per estar-ne orgull\u00f3s. Orgull\u00f3s d\u2019un pa\u00eds que t\u00e9 gent que tot i un context dif\u00edcil, no nom\u00e9s per la premsa, s\u2019atreveix a tirar endavant un projecte com aquest. Gent valenta que s\u2019arrisca a fer el qu\u00e8 creu apostant per la innovaci\u00f3 i per repensar un sector que ha de continuar sent una de les grans potes del periodisme.<\/p>\n<p>L\u2019Ara arriba en moments de canvis, per el pa\u00eds i per el m\u00f3n. No s\u00e9 s\u00ed vindr\u00e0 un nou pa\u00eds ni un nou m\u00f3n, per\u00f2 el que \u00e9s clar, \u00e9s que ARA arriba un nou diari. Ahir en la presentaci\u00f3 que va organitzar \u00d2mnium a Vilafranca, Xavier Bosch va exposar qu\u00e8 vol ser el diari, com vol explicar les coses i com s\u2019ha de reinventar el sector per avan\u00e7ar. Bosch va dir que potser estan bojos, per\u00f2 i perqu\u00e8 no? Imaginar quin \u00e9s el diari que t\u2019agradaria trobar cada dia al quiosc no \u00e9s f\u00e0cil, no ho \u00e9s si el que vols \u00e9s ser diferent, avan\u00e7ar-te als canvis, marcar tu la tend\u00e8ncia abans de qu\u00e8 aquesta aparegui. Aix\u00f2 \u00e9s Ara. Un format diferent en la divisi\u00f3 de la informaci\u00f3, un mitj\u00e0 que es podr\u00e0 seguir a trav\u00e9s de diverses plataformes, en paper, al web\u2026 i totes elles tindran una funci\u00f3 espec\u00edfica. Cal ser valent per tirar endavant un projecte com aquest.<\/p>\n<p>Refor\u00e7ar la visi\u00f3 nacional i ampliar l\u2019oferta de mitjans fets, per\u00f2 sobretot pensats, a Catalunya \u00e9s b\u00e0sic per cr\u00e9ixer com a pa\u00eds i com a societat.<br \/>Nom\u00e9s cal, Ara, esperar el 28 de novembre i entre les m\u00faltiples obligacions d\u2019aquell dia, com anar a votar i animar el Bar\u00e7a, n\u2019haurem d\u2019afegir una m\u00e9s a la llista: comprar l\u2019ARA.<br \/><\/span><span style=\"font-family:arial;font-size:130%;\"><\/div>\n<p><\/span><\/p>\n<p align=\"center\">\n<div class=\"blogger-post-footer\"><img width='1' height='1' src='https:\/\/blogger.googleusercontent.com\/tracker\/2467933452740288616-4683599764811210072?l=peresabat.blogspot.com' alt='' \/><\/div>\n","protected":false},"excerpt":{"rendered":"<p>Diuen que ve un nou m\u00f3n, un nou pa\u00eds, i a m\u00e9s, diuen que ho hem de fer junts. Realment no s\u00e9 si ve un nou m\u00f3n o un nou pa\u00eds, per\u00f2 el que s\u00ed s\u00e9 \u00e9s que potser s\u00ed que ho farem junts.He escrit m\u00e9s d\u2019un cop que el nostre pa\u00eds necessita, com un&#8230;<\/p>\n","protected":false},"author":2,"featured_media":0,"comment_status":"open","ping_status":"open","sticky":false,"template":"","format":"standard","meta":{"footnotes":""},"categories":[26],"tags":[],"class_list":["post-1201","post","type-post","status-publish","format-standard","hentry","category-uncategorized"],"_links":{"self":[{"href":"https:\/\/www.blocdelsabat.cat\/index.php?rest_route=\/wp\/v2\/posts\/1201","targetHints":{"allow":["GET"]}}],"collection":[{"href":"https:\/\/www.blocdelsabat.cat\/index.php?rest_route=\/wp\/v2\/posts"}],"about":[{"href":"https:\/\/www.blocdelsabat.cat\/index.php?rest_route=\/wp\/v2\/types\/post"}],"author":[{"embeddable":true,"href":"https:\/\/www.blocdelsabat.cat\/index.php?rest_route=\/wp\/v2\/users\/2"}],"replies":[{"embeddable":true,"href":"https:\/\/www.blocdelsabat.cat\/index.php?rest_route=%2Fwp%2Fv2%2Fcomments&post=1201"}],"version-history":[{"count":0,"href":"https:\/\/www.blocdelsabat.cat\/index.php?rest_route=\/wp\/v2\/posts\/1201\/revisions"}],"wp:attachment":[{"href":"https:\/\/www.blocdelsabat.cat\/index.php?rest_route=%2Fwp%2Fv2%2Fmedia&parent=1201"}],"wp:term":[{"taxonomy":"category","embeddable":true,"href":"https:\/\/www.blocdelsabat.cat\/index.php?rest_route=%2Fwp%2Fv2%2Fcategories&post=1201"},{"taxonomy":"post_tag","embeddable":true,"href":"https:\/\/www.blocdelsabat.cat\/index.php?rest_route=%2Fwp%2Fv2%2Ftags&post=1201"}],"curies":[{"name":"wp","href":"https:\/\/api.w.org\/{rel}","templated":true}]}}