{"id":1203,"date":"2010-11-12T17:52:00","date_gmt":"2010-11-12T17:52:00","guid":{"rendered":"http:\/\/peresabat.wordpress.com\/2010\/11\/12\/la-matanca-verda"},"modified":"2010-11-12T17:52:00","modified_gmt":"2010-11-12T17:52:00","slug":"la-matanca-verda","status":"publish","type":"post","link":"https:\/\/www.blocdelsabat.cat\/?p=1203","title":{"rendered":"La Matan\u00e7a Verda"},"content":{"rendered":"<p><a href=\"http:\/\/peresabat.files.wordpress.com\/2010\/11\/bandera-saharaui1.jpg\"><img decoding=\"async\" border=\"0\" alt=\"\" src=\"http:\/\/peresabat.files.wordpress.com\/2010\/11\/bandera-saharaui1.jpg?w=300\" \/><\/a><\/p>\n<div align=\"justify\"><span style=\"font-family:arial;font-size:130%;\">Hi ha conflictes que no hi ha manera de solucionar. Aquesta setmana n\u2019hem tingut un nou exemple amb l\u2019atac indiscriminat del Marroc al campament saharaui de El Aai\u00fan. <\/span><\/div>\n<p><span class=\"Apple-style-span\" style=\"font-size:large;\"><br \/><\/span><\/p>\n<div align=\"justify\"><span style=\"font-family:arial;font-size:130%;\">Quan fa m\u00e9s de tres d\u00e8cades de la invasi\u00f3 del Marroc del territori del S\u00e0hara amb la Marxa Verda, amb el benepl\u00e0cit d\u2019Espanya, el regne de Mohamed VI sembla que no en tingui prou i davant d\u2019una protesta pac\u00edfica com la del campament de la Dignitat, ha com\u00e8s una matan\u00e7a. Si el paper d\u2019Espanya amb la penosa retirada de la \u201cseva col\u00f2nia\u201d \u00e9s m\u00e9s que trist, la seva reacci\u00f3 davant la repressi\u00f3 actual ja \u00e9s demencial. Tant pat\u00e8tica com la de la ONU o de la UE que s\u00f3n incapaces de fer complir l\u2019acord internacional per la celebraci\u00f3 d\u2019un refer\u00e8ndum per l\u2019autodeterminaci\u00f3 per el S\u00e0hara. Pot ser que el refer\u00e8ndum no resolgui res, per\u00f2 cal que es celebri. \u00c9s l\u2019\u00fanica manera per desencallar la situaci\u00f3. <\/span><\/div>\n<p><span class=\"Apple-style-span\" style=\"font-size:large;\"><br \/><\/span><\/p>\n<div align=\"justify\"><span style=\"font-family:arial;font-size:130%;\">No deixa de ser curi\u00f3s que sigui la mateixa comunitat internacional que, amb la seva inacci\u00f3 estigui empenyent aquest conflicte cap a un escenari armat. L\u2019ONU hauria d\u2019actuar com el qu\u00e8 \u00e9s i imposar i aplicar les seves pr\u00f2pies resolucions. Al S\u00e0hara refer\u00e8ndum per l\u2019autodeterminaci\u00f3. Una naci\u00f3 que lluita pac\u00edficament per la seva llibertat no pot veure frenats els seus somnis. Democr\u00e0cia equival a refer\u00e8ndum i impedir-lo a viol\u00e8ncia. <\/span><\/div>\n<p><span class=\"Apple-style-span\" style=\"font-size:large;\"><br \/><\/span><\/p>\n<div align=\"justify\"><span style=\"font-family:arial;font-size:130%;\">Que cadasc\u00fa esculli a quin b\u00e0ndol vol estar. <\/span><\/div>\n<p><span class=\"Apple-style-span\" style=\"font-size:large;\"><br \/><\/span><\/p>\n<div align=\"justify\"><span style=\"font-family:Arial;font-size:130%;\"><\/span><\/div>\n<p><span class=\"Apple-style-span\" style=\"font-size:large;\"><br \/><\/span><\/p>\n<div align=\"right\"><span style=\"font-family:courier new;font-size:130%;\"><em>article publicat al 3 de vuit<\/em><\/span><\/div>\n<div class=\"blogger-post-footer\"><img width='1' height='1' src='https:\/\/blogger.googleusercontent.com\/tracker\/2467933452740288616-8374951816823672958?l=peresabat.blogspot.com' alt='' \/><\/div>\n","protected":false},"excerpt":{"rendered":"<p>Hi ha conflictes que no hi ha manera de solucionar. Aquesta setmana n\u2019hem tingut un nou exemple amb l\u2019atac indiscriminat del Marroc al campament saharaui de El Aai\u00fan. Quan fa m\u00e9s de tres d\u00e8cades de la invasi\u00f3 del Marroc del territori del S\u00e0hara amb la Marxa Verda, amb el benepl\u00e0cit d\u2019Espanya, el regne de Mohamed&#8230;<\/p>\n","protected":false},"author":2,"featured_media":0,"comment_status":"open","ping_status":"open","sticky":false,"template":"","format":"standard","meta":{"footnotes":""},"categories":[26],"tags":[],"class_list":["post-1203","post","type-post","status-publish","format-standard","hentry","category-uncategorized"],"_links":{"self":[{"href":"https:\/\/www.blocdelsabat.cat\/index.php?rest_route=\/wp\/v2\/posts\/1203","targetHints":{"allow":["GET"]}}],"collection":[{"href":"https:\/\/www.blocdelsabat.cat\/index.php?rest_route=\/wp\/v2\/posts"}],"about":[{"href":"https:\/\/www.blocdelsabat.cat\/index.php?rest_route=\/wp\/v2\/types\/post"}],"author":[{"embeddable":true,"href":"https:\/\/www.blocdelsabat.cat\/index.php?rest_route=\/wp\/v2\/users\/2"}],"replies":[{"embeddable":true,"href":"https:\/\/www.blocdelsabat.cat\/index.php?rest_route=%2Fwp%2Fv2%2Fcomments&post=1203"}],"version-history":[{"count":0,"href":"https:\/\/www.blocdelsabat.cat\/index.php?rest_route=\/wp\/v2\/posts\/1203\/revisions"}],"wp:attachment":[{"href":"https:\/\/www.blocdelsabat.cat\/index.php?rest_route=%2Fwp%2Fv2%2Fmedia&parent=1203"}],"wp:term":[{"taxonomy":"category","embeddable":true,"href":"https:\/\/www.blocdelsabat.cat\/index.php?rest_route=%2Fwp%2Fv2%2Fcategories&post=1203"},{"taxonomy":"post_tag","embeddable":true,"href":"https:\/\/www.blocdelsabat.cat\/index.php?rest_route=%2Fwp%2Fv2%2Ftags&post=1203"}],"curies":[{"name":"wp","href":"https:\/\/api.w.org\/{rel}","templated":true}]}}