{"id":1204,"date":"2010-11-18T19:37:00","date_gmt":"2010-11-18T19:37:00","guid":{"rendered":"http:\/\/peresabat.wordpress.com\/2010\/11\/18\/lespectacularitzacio-dels-mitjans-i-puigcercos"},"modified":"2010-11-18T19:37:00","modified_gmt":"2010-11-18T19:37:00","slug":"lespectacularitzacio-dels-mitjans-i-puigcercos","status":"publish","type":"post","link":"https:\/\/www.blocdelsabat.cat\/?p=1204","title":{"rendered":"L&#8217;Espectacularitzaci\u00f3 dels Mitjans i Puigcerc\u00f3s"},"content":{"rendered":"<p><a href=\"http:\/\/peresabat.files.wordpress.com\/2010\/11\/puigcerc25c325b3s_andalusia1.jpg\"><img decoding=\"async\" border=\"0\" alt=\"\" src=\"http:\/\/peresabat.files.wordpress.com\/2010\/11\/puigcerc25c325b3s_andalusia1.jpg?w=300\" \/><\/a><\/p>\n<div align=\"justify\"><span style=\"font-family:arial;font-size:130%;\">La provocaci\u00f3 \u00e9s un art. La ignor\u00e0ncia i la manipulaci\u00f3, tamb\u00e9. Aquesta primera setmana de campanya electoral ha estat marcada per dos fets: la denuncia de Puigcerc\u00f3s sobre el tracte fiscal que sofreix Catalunya; i el v\u00eddeo xen\u00f2fob i anticatal\u00e0 del PP.<\/p>\n<p>Primerament cal destacar que les dues s\u00f3n provocacions, ja que busquen a partir d\u2019aquests fets, fer-se un lloc a l\u2018agenda informativa monopolitzada, fora dels mitjans p\u00fablics, pels dos grans partits. Tot i que les dues s\u00f3n provocacions, una \u00e9s una xarlotada total i sense por es pot titllar de xen\u00f2foba, perqu\u00e8 el v\u00eddeo no t\u00e9 altre qualificatiu possible. Instar a fer una partida on per guanyar s\u2019hagi d\u2019eliminar persones d\u2019origen immigrant i independentistes, doncs la veritat, s\u00ed aix\u00f2 no \u00e9s incitar a la neteja \u00e8tnica poc l\u2019hi falta. El segon, tot i ser una provocaci\u00f3, \u00e9s molt diferent. No es fa exagerant, manipulant o ratllant els l\u00edmits de la democr\u00e0cia, es fa demostrant amb xifres i dades l\u2019escabr\u00f3s tracte fiscal que rep Catalunya per part de l\u2018estat.<\/p>\n<p>L\u2019episodi que va encetar Puigcerc\u00f3s diumenge al denunciar l\u2019espoli fiscal posant com a exemple el maltracte que rep el pa\u00eds per part de l\u2019estat i el \u201cbon tracte\u201d que reben altres zones a costa dels nostres impostos, crec que ha estat molt mal enfocat per els mitjans. Sovint, sempre, ens passem hores i hores criticant que la pol\u00edtica \u00e9s nom\u00e9s espectacle, que sembla que els pol\u00edtics representin una obra de teatre i que competeixin per veure qui la diu m\u00e9s grossa. Els pol\u00edtics i la pol\u00edtica tenen part de culpa, cert, per\u00f2 no tota. Quan diumenge Puigcerc\u00f3s va dir el que va dir, acte seguit Esquerra va enviar un dossier amb totes les dades que corroboren les declaracions del candidat independentista. Dades, per cert, tretes de les institucions espanyoles. Per\u00f2, qu\u00e8 \u00e9s el que surt als mitjans? L\u2019espectacle que es monta a partir de les paraules de Joan Puigcerc\u00f3s i tot de pol\u00edtics, candidats i presidents regionals carregant contra Esquerra i el seu candidat. Cap paraula, p\u00e0gina o reportatge sobre el dossier t\u00e8cnic i impecable que d\u00f3na arguments de pes a les declaracions de Puigcerc\u00f3s.<\/p>\n<p>Podem criticar, i s\u2019ha de fer, la pol\u00edtica i els pol\u00edtics, per\u00f2 fins que els mitjans no facin el pas de deixar l\u2019espectacularisme i donin m\u00e9s import\u00e0ncia a la informaci\u00f3 en qu\u00e8 deixi de dominar el \u201cdeclaracions i contradeclaracions\u201d, tampoc ens en sortirem del tot. Si Puigcerc\u00f3s va dir el que va dir de la forma en qu\u00e8 ho va dir, potser \u00e9s perqu\u00e8 sabia que era l\u2019\u00fanica manera de posar sobre la taula, i a primera p\u00e0gina dels mitjans, la injust\u00edcia del d\u00e8ficit fiscal que pateix Catalunya.<br \/>Per qu\u00e8, alg\u00fa es pensa que La Vanguardia hauria parlat del d\u00e8ficit fiscal si no arriba a ser per la frase de Puigcerc\u00f3s?<\/span><\/div>\n<div align=\"justify\"><span style=\"font-family:arial;font-size:130%;\"> <\/div>\n<p><\/span><\/p>\n<div class=\"blogger-post-footer\"><img width='1' height='1' src='https:\/\/blogger.googleusercontent.com\/tracker\/2467933452740288616-5122458169346556020?l=peresabat.blogspot.com' alt='' \/><\/div>\n","protected":false},"excerpt":{"rendered":"<p>La provocaci\u00f3 \u00e9s un art. La ignor\u00e0ncia i la manipulaci\u00f3, tamb\u00e9. Aquesta primera setmana de campanya electoral ha estat marcada per dos fets: la denuncia de Puigcerc\u00f3s sobre el tracte fiscal que sofreix Catalunya; i el v\u00eddeo xen\u00f2fob i anticatal\u00e0 del PP. Primerament cal destacar que les dues s\u00f3n provocacions, ja que busquen a partir&#8230;<\/p>\n","protected":false},"author":2,"featured_media":0,"comment_status":"open","ping_status":"open","sticky":false,"template":"","format":"standard","meta":{"footnotes":""},"categories":[26],"tags":[],"class_list":["post-1204","post","type-post","status-publish","format-standard","hentry","category-uncategorized"],"_links":{"self":[{"href":"https:\/\/www.blocdelsabat.cat\/index.php?rest_route=\/wp\/v2\/posts\/1204","targetHints":{"allow":["GET"]}}],"collection":[{"href":"https:\/\/www.blocdelsabat.cat\/index.php?rest_route=\/wp\/v2\/posts"}],"about":[{"href":"https:\/\/www.blocdelsabat.cat\/index.php?rest_route=\/wp\/v2\/types\/post"}],"author":[{"embeddable":true,"href":"https:\/\/www.blocdelsabat.cat\/index.php?rest_route=\/wp\/v2\/users\/2"}],"replies":[{"embeddable":true,"href":"https:\/\/www.blocdelsabat.cat\/index.php?rest_route=%2Fwp%2Fv2%2Fcomments&post=1204"}],"version-history":[{"count":0,"href":"https:\/\/www.blocdelsabat.cat\/index.php?rest_route=\/wp\/v2\/posts\/1204\/revisions"}],"wp:attachment":[{"href":"https:\/\/www.blocdelsabat.cat\/index.php?rest_route=%2Fwp%2Fv2%2Fmedia&parent=1204"}],"wp:term":[{"taxonomy":"category","embeddable":true,"href":"https:\/\/www.blocdelsabat.cat\/index.php?rest_route=%2Fwp%2Fv2%2Fcategories&post=1204"},{"taxonomy":"post_tag","embeddable":true,"href":"https:\/\/www.blocdelsabat.cat\/index.php?rest_route=%2Fwp%2Fv2%2Ftags&post=1204"}],"curies":[{"name":"wp","href":"https:\/\/api.w.org\/{rel}","templated":true}]}}