{"id":1206,"date":"2010-11-20T17:10:00","date_gmt":"2010-11-20T17:10:00","guid":{"rendered":"http:\/\/peresabat.wordpress.com\/2010\/11\/20\/el-pais-dels-dos-mons"},"modified":"2010-11-20T17:10:00","modified_gmt":"2010-11-20T17:10:00","slug":"el-pais-dels-dos-mons","status":"publish","type":"post","link":"https:\/\/www.blocdelsabat.cat\/?p=1206","title":{"rendered":"El Pa\u00eds dels Dos M\u00f3ns"},"content":{"rendered":"<p><a href=\"http:\/\/peresabat.files.wordpress.com\/2010\/11\/parlament_de_catalunya1.jpg\"><img decoding=\"async\" border=\"0\" alt=\"\" src=\"http:\/\/peresabat.files.wordpress.com\/2010\/11\/parlament_de_catalunya1.jpg?w=250\" \/><\/a><\/p>\n<div align=\"justify\"><span style=\"font-family:arial;font-size:130%;\">Dues dates, dos m\u00f3ns. Cinc mesos, dues realitats. Un pa\u00eds. Un rid\u00edcul. Dissabte 10 de Juliol milers i milers de persones baixaven per els carrers de Barcelona omplint-los de banderes estelades i de crits de llibertat i de independ\u00e8ncia. Diumenge 28 de novembre les forces espanyolistes al Parlament s\u00f3n m\u00e9s fortes que les independentistes. Dues dates, dos m\u00f3ns. Un rid\u00edcul.<\/p>\n<p>Catalunya avan\u00e7a cap a la paradoxa, cap a l\u2019esquizofr\u00e8nia. Passar de l\u2019\u00e8xtasi independentista del 10 de juliol en la que va ser la mobilitzaci\u00f3 m\u00e9s important de la hist\u00f2ria de Catalunya, a un Parlament on l\u2019espanyolisme exterminador sigui m\u00e9s fort que l\u2019independentisme, hauria de fer reflexionar. Ning\u00fa sap, certament, que passar\u00e0 diumenge que ve, per\u00f2 si les enquestes encerten la tend\u00e8ncia ens trobarem que quan l\u2019independentisme \u00e9s m\u00e9s fort en comptes de pujar, baixa. Paradoxes de la vida, per\u00f2 en tot cas seria una aut\u00e8ntica ll\u00e0stima. Una aut\u00e8ntica ll\u00e0stima que l\u2019energia que va produir-se aquell dia a Barcelona quedi amagada i redu\u00efda al Parlament. Una aut\u00e8ntica ll\u00e0stima perqu\u00e8 en aquest pa\u00eds hi ha molta m\u00e9s gent que el vol lliure i independent que no pas sotm\u00e8s i depenent d\u2019Espanya.<br \/>Aix\u00ed doncs, no s\u2019entendria que qui fos tercera for\u00e7a pol\u00edtica fos l\u2019espanyolisme que ha portat totes les lleis que ha pogut al Tribunal Constitucional. No s\u2019entendria que PP i C\u2019s tinguessin m\u00e9s suport que l\u2019independentisme. Ja no nom\u00e9s m\u00e9s escons que Esquerra, sin\u00f3 de tot l\u2019independentisme que es presenta al Parlament i que pot arribar a entrar a la cambra catalana.<\/p>\n<p>Com a pa\u00eds, per molt contradictoris que podem arribar a ser, no ens podem permetre el luxe de qu\u00e8 els que fan videojocs on es liquiden independentistes i immigrants determinin la direcci\u00f3 de Catalunya. No, aix\u00f2 no.<\/p>\n<p>Cal que el Parlament que surti del 28 de novembre sigui el m\u00e9s semblant possible al crit del 10 de juliol, i perqu\u00e8 aix\u00f2 sigui aix\u00ed l\u2019independentisme ha de treure els millors resultats. I aix\u00f2 passa, encara que els hi pesi a alguns, perqu\u00e8 Esquerra aguanti i sigui decisiva. L\u2019alternativa, crec, no \u00e9s desitjable. Aix\u00f2 \u00e9s el que ens juguem el proper diumenge. Espanya o Catalunya. PP o Esquerra.<br \/><\/span><\/div>\n<div class=\"blogger-post-footer\"><img width='1' height='1' src='https:\/\/blogger.googleusercontent.com\/tracker\/2467933452740288616-4349189509928306117?l=peresabat.blogspot.com' alt='' \/><\/div>\n","protected":false},"excerpt":{"rendered":"<p>Dues dates, dos m\u00f3ns. Cinc mesos, dues realitats. Un pa\u00eds. Un rid\u00edcul. Dissabte 10 de Juliol milers i milers de persones baixaven per els carrers de Barcelona omplint-los de banderes estelades i de crits de llibertat i de independ\u00e8ncia. Diumenge 28 de novembre les forces espanyolistes al Parlament s\u00f3n m\u00e9s fortes que les independentistes. Dues&#8230;<\/p>\n","protected":false},"author":2,"featured_media":0,"comment_status":"open","ping_status":"open","sticky":false,"template":"","format":"standard","meta":{"footnotes":""},"categories":[26],"tags":[],"class_list":["post-1206","post","type-post","status-publish","format-standard","hentry","category-uncategorized"],"_links":{"self":[{"href":"https:\/\/www.blocdelsabat.cat\/index.php?rest_route=\/wp\/v2\/posts\/1206","targetHints":{"allow":["GET"]}}],"collection":[{"href":"https:\/\/www.blocdelsabat.cat\/index.php?rest_route=\/wp\/v2\/posts"}],"about":[{"href":"https:\/\/www.blocdelsabat.cat\/index.php?rest_route=\/wp\/v2\/types\/post"}],"author":[{"embeddable":true,"href":"https:\/\/www.blocdelsabat.cat\/index.php?rest_route=\/wp\/v2\/users\/2"}],"replies":[{"embeddable":true,"href":"https:\/\/www.blocdelsabat.cat\/index.php?rest_route=%2Fwp%2Fv2%2Fcomments&post=1206"}],"version-history":[{"count":0,"href":"https:\/\/www.blocdelsabat.cat\/index.php?rest_route=\/wp\/v2\/posts\/1206\/revisions"}],"wp:attachment":[{"href":"https:\/\/www.blocdelsabat.cat\/index.php?rest_route=%2Fwp%2Fv2%2Fmedia&parent=1206"}],"wp:term":[{"taxonomy":"category","embeddable":true,"href":"https:\/\/www.blocdelsabat.cat\/index.php?rest_route=%2Fwp%2Fv2%2Fcategories&post=1206"},{"taxonomy":"post_tag","embeddable":true,"href":"https:\/\/www.blocdelsabat.cat\/index.php?rest_route=%2Fwp%2Fv2%2Ftags&post=1206"}],"curies":[{"name":"wp","href":"https:\/\/api.w.org\/{rel}","templated":true}]}}