{"id":124,"date":"2008-04-08T15:54:00","date_gmt":"2008-04-08T15:54:00","guid":{"rendered":"http:\/\/peresabat.wordpress.com\/2008\/04\/08\/carretero-a-vilafranca"},"modified":"2008-04-08T15:54:00","modified_gmt":"2008-04-08T15:54:00","slug":"carretero-a-vilafranca","status":"publish","type":"post","link":"https:\/\/www.blocdelsabat.cat\/?p=124","title":{"rendered":"Carretero a Vilafranca"},"content":{"rendered":"<p><a href=\"http:\/\/peresabat.files.wordpress.com\/2008\/04\/carretero1.jpg\"><img decoding=\"async\" alt=\"\" src=\"http:\/\/peresabat.files.wordpress.com\/2008\/04\/carretero1.jpg?w=220\" border=\"0\" \/><\/a> <span style=\"font-family:arial;font-size:130%;\">Dimecres passat el senyor Joan Carretero l\u00edder de Reagrupament.cat, RCat, va ser a Vilafranca per presentar la seva candidatura a la Presid\u00e8ncia d\u2019Esquerra.<\/span><span style=\"font-family:arial;font-size:130%;\"><\/p>\n<div align=\"justify\">El plantejament de Carretero \u00e9s simple, Esquerra t\u00e9 una greu malaltia que es diu tripartit i s\u2019ha de fer un tractament agressiu per curar-la. La recepta \u00e9s, tamb\u00e9, simple tornar als temps de qu\u00e8 quan Esquerra obria la boca, de cada tres paraules que deia quatre eren &#8220;Catalunya o Independ\u00e8ncia&#8221;. I res m\u00e9s.<br \/>\u00d2bviament Esquerra ha de continuar dient &#8220;Catalunya i Independ\u00e8ncia&#8221; i a m\u00e9s, m\u00e9s cops que \u00faltimament, per\u00f2 no ha de deixar de dir, reclamar i liderar paraules com &#8220;progr\u00e9s social o esquerra&#8221;. Esquerra est\u00e0 malalta, si, per\u00f2 marginant una sigla del partit no s\u2019arreglar\u00e0 el mal que pateix, que justament \u00e9s aquest, marginar una sigla del partit. <\/div>\n<div align=\"justify\">Carretero al meu entendre, encara no ha pa\u00eft que se\u2019l fes fora del govern. Carretero hagu\u00e9s volgut que els consellers d\u2019Esquerra al Govern fessin el que ell no va voler fer, com no podia ser d\u2019altra manera, en l\u2019episodi de Perpiny\u00e0, marxar del Govern.<br \/>Aquest \u00e9s un dels mals que veig al Reagrupament. Carretero ha sumat al seu si tot de persones que d\u2019una manera o altra estan dolgudes amb l\u2019actual direcci\u00f3, sense anar m\u00e9s lluny els impulsors de Reagrupament a l\u2019Alt Pened\u00e8s s\u00f3n part de l\u2019antiga executiva local de Vilafranca que va iniciar un enfrontament amb la direcci\u00f3 nacional i amb la majoria de la secci\u00f3 local, i arran de perdre les eleccions internes van anar a parar a Reagrupament. No vull dir amb aix\u00f2 que RCat no tingui un bon projecte, sin\u00f3 que el nexe d\u2019uni\u00f3 del corrent intern \u00e9s la voluntat de fer &#8220;petar&#8221; la direcci\u00f3.<\/div>\n<div align=\"justify\">Un altre mal que veig en RCat, \u00e9s la personificaci\u00f3 excessiva de Carretero. Si es pregunta als militants o simpatitzants quants dirigents de RCat coneixen nom\u00e9s sabran dir el Carretero i si s\u2019apura molt la Rut Carandell, en canvi d\u2019Esquerra Independentista en podran dir molts m\u00e9s Bertran, Renyer, Bofill, Paluzie\u2026 o de Gent d\u2019Esquerra en podran dir per exemple Puigcerc\u00f3s, Ridao, Aragon\u00e8s, Sim\u00f3, Vendrell, Huguet, Puig\u2026 \u00c9s cert que hist\u00f2ricament Esquerra ha estat un partit en qu\u00e8 la personificaci\u00f3 del partit en el l\u00edder ha estat alta, per\u00f2 si de veritat es vol un canvi de model de partit aix\u00f2 ha de canviar.<\/div>\n<div align=\"justify\">Diversa gent ha comentat que Carretero representa la corrent m\u00e9s liberal d\u2019Esquerra, i alg\u00fa ha intentat desacreditar-lo per aquest sentit. Aquest \u00e9s un greu error, Esquerra \u00e9s un partit republic\u00e0 i com a tal ha de poder tenir en el seu si gent des de la socialdemocr\u00e0cia fins al liberal progressisme que encarna Carretero, si es vol un partit de la s\u00faper puresa ideol\u00f2gica Esquerra acabar\u00e0 sent un club de meuques, si de veritat es vol ser un partit majoritari, Esquerra ha de sumar, i Carretero suma. Dic aix\u00f2 perqu\u00e8 seria un error prescindir de Carretero, i que tot el que he dit, Carretero pot aportar algunes coses positives a Esquerra, i per tant tamb\u00e9 al pa\u00eds. <\/div>\n<div align=\"justify\">Sobre el model de partit que presenta Carretero hi estic d\u2019acord a grans trets. Carretero proposa que els dirigents del Govern, en cas de ser-hi, siguin diferents que els del partit. En aquests moments aquest punt \u00e9s d\u2019una necessitat clamorosa, ja que el missatge del partit s\u2019ha dilu\u00eft en el dia a dia del Govern. Carretero tamb\u00e9 proposa potenciar les sectorials per donar gruix pol\u00edtic i ideol\u00f2gic a Esquerra, aix\u00ed com millorar la participaci\u00f3 de la milit\u00e0ncia en la presa de decisions. En un punt, per\u00f2, no hi estic d\u2019acord. Carretero proposa que el Secretari General del partit passi a ser un gestor sumant-li les atribucions de la secretaria d\u2019Organitzaci\u00f3. Crec que seria un error ja que Esquerra perdria una potent veu pol\u00edtica i no s\u2019ho pot permetre. <\/div>\n<div align=\"justify\">Seguirem expectants l\u2019evoluci\u00f3 de les prim\u00e0ries.<\/div>\n<div align=\"justify\"><\/span><\/div>\n<div class=\"blogger-post-footer\"><img width='1' height='1' src='https:\/\/blogger.googleusercontent.com\/tracker\/2467933452740288616-6856537936262181644?l=peresabat.blogspot.com' alt='' \/><\/div>\n","protected":false},"excerpt":{"rendered":"<p>Dimecres passat el senyor Joan Carretero l\u00edder de Reagrupament.cat, RCat, va ser a Vilafranca per presentar la seva candidatura a la Presid\u00e8ncia d\u2019Esquerra. El plantejament de Carretero \u00e9s simple, Esquerra t\u00e9 una greu malaltia que es diu tripartit i s\u2019ha de fer un tractament agressiu per curar-la. La recepta \u00e9s, tamb\u00e9, simple tornar als temps&#8230;<\/p>\n","protected":false},"author":2,"featured_media":0,"comment_status":"open","ping_status":"open","sticky":false,"template":"","format":"standard","meta":{"footnotes":""},"categories":[26],"tags":[],"class_list":["post-124","post","type-post","status-publish","format-standard","hentry","category-uncategorized"],"_links":{"self":[{"href":"https:\/\/www.blocdelsabat.cat\/index.php?rest_route=\/wp\/v2\/posts\/124","targetHints":{"allow":["GET"]}}],"collection":[{"href":"https:\/\/www.blocdelsabat.cat\/index.php?rest_route=\/wp\/v2\/posts"}],"about":[{"href":"https:\/\/www.blocdelsabat.cat\/index.php?rest_route=\/wp\/v2\/types\/post"}],"author":[{"embeddable":true,"href":"https:\/\/www.blocdelsabat.cat\/index.php?rest_route=\/wp\/v2\/users\/2"}],"replies":[{"embeddable":true,"href":"https:\/\/www.blocdelsabat.cat\/index.php?rest_route=%2Fwp%2Fv2%2Fcomments&post=124"}],"version-history":[{"count":0,"href":"https:\/\/www.blocdelsabat.cat\/index.php?rest_route=\/wp\/v2\/posts\/124\/revisions"}],"wp:attachment":[{"href":"https:\/\/www.blocdelsabat.cat\/index.php?rest_route=%2Fwp%2Fv2%2Fmedia&parent=124"}],"wp:term":[{"taxonomy":"category","embeddable":true,"href":"https:\/\/www.blocdelsabat.cat\/index.php?rest_route=%2Fwp%2Fv2%2Fcategories&post=124"},{"taxonomy":"post_tag","embeddable":true,"href":"https:\/\/www.blocdelsabat.cat\/index.php?rest_route=%2Fwp%2Fv2%2Ftags&post=124"}],"curies":[{"name":"wp","href":"https:\/\/api.w.org\/{rel}","templated":true}]}}