{"id":1270,"date":"2011-04-14T10:12:00","date_gmt":"2011-04-14T10:12:00","guid":{"rendered":"http:\/\/peresabat.wordpress.com\/2011\/04\/14\/80-anys"},"modified":"2011-04-14T10:12:00","modified_gmt":"2011-04-14T10:12:00","slug":"80-anys","status":"publish","type":"post","link":"https:\/\/www.blocdelsabat.cat\/?p=1270","title":{"rendered":"80 Anys"},"content":{"rendered":"<p><a href=\"http:\/\/peresabat.files.wordpress.com\/2011\/04\/text_ampliat1.gif\"><img decoding=\"async\" src=\"http:\/\/peresabat.files.wordpress.com\/2011\/04\/text_ampliat1.gif?w=300\" alt=\"\" border=\"0\" \/><\/a><\/p>\n<div style=\"text-align:justify;font-family:arial;\"><span style=\"font-size:130%;\">Catalans:<\/p>\n<p>Interpretant el sentiment i els anhels del poble que ens acaba de donar el seu sufragi, proclamo la Rep\u00fablica Catalana com Estat integrant de la Federaci\u00f3 ib\u00e9rica.<\/p>\n<p>D&#8217;acord amb el President de la Rep\u00fablica federal espa\u00f1ola senyor Nicet Alcal\u00e1 Zamora, amb el qual hem ratificat els acords presos en el pacte de Sant Sebasti\u00e1, em faig c\u00e1rrec provisionalment de les funcions de President del Govern de Catalunya, esperant que el poble espanyol i el catal\u00e1 expressaran quina \u00e9s en aquests moments llur voluntat.<\/p>\n<p>En fer aquesta proclamaci\u00f3, amb el cor obert a totes les esperances, ens conjurem i demanem a tots els ciutadans de Catalunya que es conjurin amb nosaltres per a fer-la prevaler pels mitjans que siguin, encara que calgu\u00e9s arribar al sacrifici de la propia vida.<\/p>\n<p>Preguem que cada catal\u00e1, aix\u00ed com tot altre ciutad\u00e1 resident a Catalunya, es faci c\u00e1rrec de la enorme responsabilitat que en aquests moments pesa sobre tots nosaltres.<\/p>\n<p>Tot aquell, doncs, que pertorbi l&#8217;ordre de la naixent Rep\u00fablica Catalana, ser\u00e1 considerat com un agent provocador i com un traidor a la P\u00e1tria.<\/p>\n<p>Esperem que tots sabreu fer-vos dignes de la llibertat que ens hem donat i de la justicia que, amb l&#8217;ajut de tots, anem a establir. Ens apoiem sobre coses immortals com s\u00f3n els drets dels homes i dels pobles i, morint i tot si calgu\u00e9s, no podem perdre.<br \/>En proclamar la nostra Rep\u00fablica, fem arribar la nostra veu a tots els pobles d&#8217;Espanya i del m\u00f3n, demanant-los que espiritualment estiguin al nostre costat i enfront de la monarquia borb\u00f3nica que hem abatut, i els oferim aportar-los tot el nostre esfor\u00e7 i tota la emoci\u00f3 del nostre poble renaixent per afermar la pau internacional.<\/p>\n<p>Per Catalunya, pels altres pobles germans d&#8217;Espanya, per la fraternitat de tots els homes i de tots els pobles, Catalans, sapigeu fer-vos dignes de Catalunya.<\/p>\n<p>Barcelona, 14 d&#8217;abril de 1931<\/p>\n<p><\/span><\/div>\n<div class=\"blogger-post-footer\"><img width='1' height='1' src='https:\/\/blogger.googleusercontent.com\/tracker\/2467933452740288616-1217885750105158184?l=peresabat.blogspot.com' alt='' \/><\/div>\n","protected":false},"excerpt":{"rendered":"<p>Catalans: Interpretant el sentiment i els anhels del poble que ens acaba de donar el seu sufragi, proclamo la Rep\u00fablica Catalana com Estat integrant de la Federaci\u00f3 ib\u00e9rica. D&#8217;acord amb el President de la Rep\u00fablica federal espa\u00f1ola senyor Nicet Alcal\u00e1 Zamora, amb el qual hem ratificat els acords presos en el pacte de Sant Sebasti\u00e1,&#8230;<\/p>\n","protected":false},"author":2,"featured_media":0,"comment_status":"open","ping_status":"open","sticky":false,"template":"","format":"standard","meta":{"footnotes":""},"categories":[26],"tags":[],"class_list":["post-1270","post","type-post","status-publish","format-standard","hentry","category-uncategorized"],"_links":{"self":[{"href":"https:\/\/www.blocdelsabat.cat\/index.php?rest_route=\/wp\/v2\/posts\/1270","targetHints":{"allow":["GET"]}}],"collection":[{"href":"https:\/\/www.blocdelsabat.cat\/index.php?rest_route=\/wp\/v2\/posts"}],"about":[{"href":"https:\/\/www.blocdelsabat.cat\/index.php?rest_route=\/wp\/v2\/types\/post"}],"author":[{"embeddable":true,"href":"https:\/\/www.blocdelsabat.cat\/index.php?rest_route=\/wp\/v2\/users\/2"}],"replies":[{"embeddable":true,"href":"https:\/\/www.blocdelsabat.cat\/index.php?rest_route=%2Fwp%2Fv2%2Fcomments&post=1270"}],"version-history":[{"count":0,"href":"https:\/\/www.blocdelsabat.cat\/index.php?rest_route=\/wp\/v2\/posts\/1270\/revisions"}],"wp:attachment":[{"href":"https:\/\/www.blocdelsabat.cat\/index.php?rest_route=%2Fwp%2Fv2%2Fmedia&parent=1270"}],"wp:term":[{"taxonomy":"category","embeddable":true,"href":"https:\/\/www.blocdelsabat.cat\/index.php?rest_route=%2Fwp%2Fv2%2Fcategories&post=1270"},{"taxonomy":"post_tag","embeddable":true,"href":"https:\/\/www.blocdelsabat.cat\/index.php?rest_route=%2Fwp%2Fv2%2Ftags&post=1270"}],"curies":[{"name":"wp","href":"https:\/\/api.w.org\/{rel}","templated":true}]}}