{"id":129,"date":"2008-04-11T16:46:00","date_gmt":"2008-04-11T16:46:00","guid":{"rendered":"http:\/\/peresabat.wordpress.com\/2008\/04\/11\/carod-hagues-pogut-ser"},"modified":"2008-04-11T16:46:00","modified_gmt":"2008-04-11T16:46:00","slug":"carod-hagues-pogut-ser","status":"publish","type":"post","link":"https:\/\/www.blocdelsabat.cat\/?p=129","title":{"rendered":"Carod: hagu\u00e9s pogut ser"},"content":{"rendered":"<div align=\"justify\"><a href=\"http:\/\/2.bp.blogspot.com\/_kjTqSD8ASz4\/R_-aC1X1NHI\/AAAAAAAAAIs\/kUyAi-ITIOs\/s1600-h\/Carod.bmp\"><img decoding=\"async\" alt=\"\" src=\"http:\/\/2.bp.blogspot.com\/_kjTqSD8ASz4\/R_-aC1X1NHI\/AAAAAAAAAIs\/kUyAi-ITIOs\/s200\/Carod.bmp\" border=\"0\" \/><\/a> <span style=\"font-family:arial;font-size:130%;\">Recordo perfectament el primer dia que vaig veure Josep-Llu\u00eds Carod-Rovira en directe, va ser al Parlament de Catalunya un 22 de Maig del 2004. Va ser despr\u00e8s de sortir de participar en el projecte &#8220;Fem una llei&#8221; del Parlament en qu\u00e8 estudiants d\u2019ESO negociaven una llei i despr\u00e8s l\u2019havien d\u2019aprovar al Parlament. <\/span><\/div>\n<p><span style=\"font-family:arial;font-size:130%;\"><br \/><\/span><span style=\"font-family:arial;font-size:130%;\"><\/p>\n<div align=\"justify\">Al sortir de la Comissi\u00f3 negociadora del T\u00edtol Primer, era la que em tocava a mi, l\u2019ambient es va revolucionar, de cop tots els participants van dirigir-se cap al final del passad\u00eds. El motiu era que havia fet acte de pres\u00e8ncia Carod-Rovira. Recordo que vam haver de fer cua per poder donar-li la m\u00e0, i que quan va arribar el moment, tots ens vam quedar amb cara de satisfets, de contents, de realitzats, perqu\u00e8 qui t\u2019estrenyia la m\u00e0 era el qui dues setmanes abans havia aconseguit 8 diputats, perqu\u00e8 qui t\u2019estrenyia la m\u00e0 era qui s\u2019havia jugat el coll per la pau, perqu\u00e8 qui t\u2019estrenyia la m\u00e0 era un l\u00edder que il\u00b7lusionava. Amb tres companys de classe, despr\u00e8s d\u2019engolir el magn\u00edfic esmorzar que ens van servir a base de canap\u00e8s, vam anar davant del despatx de Carod-Rovira i ens vam passar una hora llarga davant tot esperant, desitjant, que la porta s\u2019obr\u00eds per tornar a veure aquell l\u00edder en qui confi\u00e0vem. Com que la porta no es va obrir i com que hav\u00edem de tornar cap a Vilafranca, vam deixar al treballador que custodiava la porta un escrit en qu\u00e8 ens present\u00e0vem i en qu\u00e8 tamb\u00e9 don\u00e0vem \u00e0nims a Carod-Rovira.<\/div>\n<div align=\"justify\">Ara, suposo, que ja no hi ha estudiants davant la porta de Carod-Rovira. Com tot en aquesta vida t\u00e9 cicles i tamb\u00e9, com tot en aquesta vida hi ha oportunitats, oportunitats que de vegades s\u2019aprofiten i oportunitats que es desaprofiten. <\/div>\n<div align=\"justify\">Carod sens dubte va tenir la seva, era el tercer home de la pol\u00edtica catalana, era el nou l\u00edder de la nova Catalunya que deixava de ser dual, era l\u2019esperan\u00e7a dels que somien en una Catalunya nacionalment lliure i socialment justa. Carod per\u00f2 ha desaprofitat la seva oportunitat, tant per errors propis com per errors col\u00b7lectius de partit, tant \u00e9s, el cas \u00e9s que la seva oportunitat ja ha passat. Carod ara \u00e9s un l\u00edder pol\u00edtic apagat, sense il\u00b7lusi\u00f3 que s\u2019amaga darrera del refer\u00e8ndum del 2014 sense un pla seri\u00f3s per portar-lo a terme. Carod ha complert el seu cicle, Carod ha tingut la seva oportunitat, per\u00f2 no l\u2019ha sabut aprofitar. <\/div>\n<div align=\"justify\">Una ll\u00e0stima, realment, Carod les tenia totes per guanyar, Carod podia haver estat el l\u00edder de la llibertat, per\u00f2 nom\u00e9s ha estat el l\u00edder de &#8220;<em>hagu\u00e9s pogut ser<\/em>&#8220;.<\/div>\n<div align=\"justify\">Ara s\u2019ha de donar pas a aquells que puguin ser els l\u00edders del &#8220;<em>ho farem<\/em>&#8220;, ara s\u2019ha de donar pas a aquells que representin de nou la credibilitat, que representin de nou la il\u00b7lusi\u00f3, que representin de nou la dignitat. Ara s\u2019ha de donar pas a gent preparada, formada, treballadora, a gent que tingui un projecte engrescador, inclusiu, seri\u00f3s, pautat. A gent per aconseguir el nostre horitz\u00f3 nacional i social: la llibertat.<\/div>\n<div align=\"justify\"><\/span> <\/div>\n<div class=\"blogger-post-footer\"><img width='1' height='1' src='https:\/\/blogger.googleusercontent.com\/tracker\/2467933452740288616-3730896921170361286?l=peresabat.blogspot.com' alt='' \/><\/div>\n","protected":false},"excerpt":{"rendered":"<p>Recordo perfectament el primer dia que vaig veure Josep-Llu\u00eds Carod-Rovira en directe, va ser al Parlament de Catalunya un 22 de Maig del 2004. Va ser despr\u00e8s de sortir de participar en el projecte &#8220;Fem una llei&#8221; del Parlament en qu\u00e8 estudiants d\u2019ESO negociaven una llei i despr\u00e8s l\u2019havien d\u2019aprovar al Parlament. Al sortir de&#8230;<\/p>\n","protected":false},"author":2,"featured_media":0,"comment_status":"open","ping_status":"open","sticky":false,"template":"","format":"standard","meta":{"footnotes":""},"categories":[26],"tags":[],"class_list":["post-129","post","type-post","status-publish","format-standard","hentry","category-uncategorized"],"_links":{"self":[{"href":"https:\/\/www.blocdelsabat.cat\/index.php?rest_route=\/wp\/v2\/posts\/129","targetHints":{"allow":["GET"]}}],"collection":[{"href":"https:\/\/www.blocdelsabat.cat\/index.php?rest_route=\/wp\/v2\/posts"}],"about":[{"href":"https:\/\/www.blocdelsabat.cat\/index.php?rest_route=\/wp\/v2\/types\/post"}],"author":[{"embeddable":true,"href":"https:\/\/www.blocdelsabat.cat\/index.php?rest_route=\/wp\/v2\/users\/2"}],"replies":[{"embeddable":true,"href":"https:\/\/www.blocdelsabat.cat\/index.php?rest_route=%2Fwp%2Fv2%2Fcomments&post=129"}],"version-history":[{"count":0,"href":"https:\/\/www.blocdelsabat.cat\/index.php?rest_route=\/wp\/v2\/posts\/129\/revisions"}],"wp:attachment":[{"href":"https:\/\/www.blocdelsabat.cat\/index.php?rest_route=%2Fwp%2Fv2%2Fmedia&parent=129"}],"wp:term":[{"taxonomy":"category","embeddable":true,"href":"https:\/\/www.blocdelsabat.cat\/index.php?rest_route=%2Fwp%2Fv2%2Fcategories&post=129"},{"taxonomy":"post_tag","embeddable":true,"href":"https:\/\/www.blocdelsabat.cat\/index.php?rest_route=%2Fwp%2Fv2%2Ftags&post=129"}],"curies":[{"name":"wp","href":"https:\/\/api.w.org\/{rel}","templated":true}]}}