{"id":1291,"date":"2011-08-23T12:01:00","date_gmt":"2011-08-23T12:01:00","guid":{"rendered":"http:\/\/peresabat.wordpress.com\/2011\/08\/23\/madrid-amb-t"},"modified":"2011-08-23T12:01:00","modified_gmt":"2011-08-23T12:01:00","slug":"madrid-amb-t","status":"publish","type":"post","link":"https:\/\/www.blocdelsabat.cat\/?p=1291","title":{"rendered":"Madrid, amb T"},"content":{"rendered":"<p><a href=\"http:\/\/peresabat.files.wordpress.com\/2011\/08\/congreso_diputados1.jpg\"><img decoding=\"async\" alt=\"\" src=\"http:\/\/peresabat.files.wordpress.com\/2011\/08\/congreso_diputados1.jpg?w=300\" border=\"0\" \/><\/a><\/p>\n<div align=\"justify\"><span style=\"font-family:arial;font-size:130%;\">Una pregunta recorrent sembla que est\u00e0 tornant a fer acte de pres\u00e8ncia en el m\u00f3n independentista: s\u2019ha d\u2019anar a Madrid? I en cas que s\u00ed, a fer qu\u00e8? Per respondre la primera pregunta nom\u00e9s cal tenir en compte dues consideracions: primera, lamentablement la major part de les compet\u00e8ncies i de les decisions que afecten a la poblaci\u00f3 catalana es duen a terme a Madrid, per tant, qui vulgui estar a peu del can\u00f3 i participant del que es fa, ha d\u2019anar a Madrid. Segona, si realment es vol fer una majoria social per la independ\u00e8ncia cal arribar a tots els p\u00fablics. Cal saber i tenir en compte que una gran part dels ciutadans del pa\u00eds t\u00e9 uns referents no catalans i per tant s\u2019informen per canals no catalans. Ser a Madrid ofereix una tribuna p\u00fablica que permet arribar a persones que sin\u00f3 no tindrien la possibilitat d\u2019escoltar el missatge independentista. Limitar-nos \u201cals de la ceba\u201d pot ser el m\u00e9s c\u00f2mode i f\u00e0cil, per\u00f2 ens condemna a la marginalitzaci\u00f3 i a la derrota permanent. Per tant, s\u00ed, cal anar a Madrid. <\/span><\/div>\n<p><\/p>\n<div align=\"justify\"><span style=\"font-family:arial;font-size:130%;\"><br \/>Per respondre la segona tamb\u00e9 cal considerar diferents factors. Primer, estem exhaurint una etapa hist\u00f2rica, una etapa, l\u2019auton\u00f2mica, que est\u00e0 arribant al col\u2022lapse. Amb els esdeveniments que ha comportat el proc\u00e9s de l\u2019estatut, la sent\u00e8ncia, el proc\u00e9s de consultes i el 10J, les formes i la praxi pol\u00edtica ha de canviar. No es pot anar a Madrid vendre\u2019s per una petita compet\u00e8ncia. Cal replantejar el paper de les forces catalanes al Congr\u00e9s. En segon lloc, s\u2019entreveu una majoria del Partit Popular, aix\u00ed \u00e9s dif\u00edcil pensar que un mercadeig de compet\u00e8ncies pugui resultar satisfactori. Caldr\u00e0 respondre les agressions i les temptacions recentralitzadores, caldr\u00e0 fermesa i no arronsar-se. I sobretot a Madrid s\u2019hi ha d\u2019anar sent el que som. Catalans. I hem d\u2019actuar com a tals.<\/p>\n<p>Aix\u00ed, la pres\u00e8ncia de l\u2019independentisme a Madrid \u00e9s essencial. No hi ha projecte que pretengui ser majoritari que renuncia a tribunes p\u00fabliques per conv\u00e8ncer. No hi ha ideal que es pugui permetre el luxe de fer-se invisible a una part de la poblaci\u00f3 que pret\u00e9n representar. S\u2019ha d\u2019anar a Madrid a plantar-se i a generar discurs, a fer evidents les necessitats i les raons del perqu\u00e8 ens cal la independ\u00e8ncia. A Madrid, amb T.<\/div>\n<p><\/span><\/p>\n<div class=\"blogger-post-footer\"><img width='1' height='1' src='https:\/\/blogger.googleusercontent.com\/tracker\/2467933452740288616-5875770803160683467?l=peresabat.blogspot.com' alt='' \/><\/div>\n","protected":false},"excerpt":{"rendered":"<p>Una pregunta recorrent sembla que est\u00e0 tornant a fer acte de pres\u00e8ncia en el m\u00f3n independentista: s\u2019ha d\u2019anar a Madrid? I en cas que s\u00ed, a fer qu\u00e8? Per respondre la primera pregunta nom\u00e9s cal tenir en compte dues consideracions: primera, lamentablement la major part de les compet\u00e8ncies i de les decisions que afecten a&#8230;<\/p>\n","protected":false},"author":2,"featured_media":0,"comment_status":"open","ping_status":"open","sticky":false,"template":"","format":"standard","meta":{"footnotes":""},"categories":[26],"tags":[],"class_list":["post-1291","post","type-post","status-publish","format-standard","hentry","category-uncategorized"],"_links":{"self":[{"href":"https:\/\/www.blocdelsabat.cat\/index.php?rest_route=\/wp\/v2\/posts\/1291","targetHints":{"allow":["GET"]}}],"collection":[{"href":"https:\/\/www.blocdelsabat.cat\/index.php?rest_route=\/wp\/v2\/posts"}],"about":[{"href":"https:\/\/www.blocdelsabat.cat\/index.php?rest_route=\/wp\/v2\/types\/post"}],"author":[{"embeddable":true,"href":"https:\/\/www.blocdelsabat.cat\/index.php?rest_route=\/wp\/v2\/users\/2"}],"replies":[{"embeddable":true,"href":"https:\/\/www.blocdelsabat.cat\/index.php?rest_route=%2Fwp%2Fv2%2Fcomments&post=1291"}],"version-history":[{"count":0,"href":"https:\/\/www.blocdelsabat.cat\/index.php?rest_route=\/wp\/v2\/posts\/1291\/revisions"}],"wp:attachment":[{"href":"https:\/\/www.blocdelsabat.cat\/index.php?rest_route=%2Fwp%2Fv2%2Fmedia&parent=1291"}],"wp:term":[{"taxonomy":"category","embeddable":true,"href":"https:\/\/www.blocdelsabat.cat\/index.php?rest_route=%2Fwp%2Fv2%2Fcategories&post=1291"},{"taxonomy":"post_tag","embeddable":true,"href":"https:\/\/www.blocdelsabat.cat\/index.php?rest_route=%2Fwp%2Fv2%2Ftags&post=1291"}],"curies":[{"name":"wp","href":"https:\/\/api.w.org\/{rel}","templated":true}]}}