{"id":1298,"date":"2011-09-02T16:57:00","date_gmt":"2011-09-02T16:57:00","guid":{"rendered":"http:\/\/peresabat.wordpress.com\/2011\/09\/02\/24-hores-espanyoles"},"modified":"2011-09-02T16:57:00","modified_gmt":"2011-09-02T16:57:00","slug":"24-hores-espanyoles","status":"publish","type":"post","link":"https:\/\/www.blocdelsabat.cat\/?p=1298","title":{"rendered":"24 Hores Espanyoles"},"content":{"rendered":"<p><a href=\"http:\/\/peresabat.files.wordpress.com\/2011\/09\/305028_2445052606112_1245791047_3044535_3269725_n1.jpg\"><img decoding=\"async\" alt=\"\" src=\"http:\/\/peresabat.files.wordpress.com\/2011\/09\/305028_2445052606112_1245791047_3044535_3269725_n1.jpg?w=221\" border=\"0\" \/><\/a><\/p>\n<div style=\"text-align:justify;\"><span class=\"Apple-style-span\" style=\"font-family:arial;font-size:130%;\">Doncs s\u00ed, en vint-i-quatre hores n&#8217;hi ha prou i de sobres per comprnedre qu\u00e8 \u00e9s Espanya. Aquest \u00e9s el temps suficient per fer-se una idea, per sobre per\u00f2 suficient, del que representa i vol representar l&#8217;Estat espanyol. <\/span><\/div>\n<p><span class=\"Apple-style-span\"><\/p>\n<div style=\"text-align:justify;\"><span style=\"font-family:arial;\"><br \/><span style=\"font-size:130%;\"><\/span><\/span><\/div>\n<p><\/p>\n<div style=\"text-align:justify;\"><span style=\"font-family:arial;font-size:130%;\">En tant sols vint-i-quatre hores Espanya ha canviat la seva -intocable- Constituci\u00f3 amb un clar sentit centralitzador, i un dels seus \u00f2rgans descentralitzats, el Tribunal Superior de Just\u00edcia de Catalunya, ha donat dos mesos al Govern de la Generalitat perqu\u00e8 imposi el castell\u00e0 a les aules catalanes. Recentralitzaci\u00f3 i assimilaci\u00f3. Bingo!<\/span><\/div>\n<p><\/p>\n<div style=\"text-align:justify;\"><span style=\"font-family:arial;\"><br \/><span style=\"font-size:130%;\"><\/span><\/span><\/div>\n<p><\/p>\n<div style=\"text-align:justify;\"><span style=\"font-family:arial;font-size:130%;\">La pluralitat espanyola brilla per la seva abs\u00e8ncia, ara ja ni es molesten a tenir entretinguts amb grandiloq\u00fc\u00e8ncies als nacionalistes moderats de les perif\u00e8ries, tal com passava en el proc\u00e9s de la transacci\u00f3 de r\u00e8gim. Abans encara perdien el temps intentant que tant PNV, per\u00f2 sobretot CIU se sumessin a pactes d&#8217;estat. Ara els hi \u00e9s igual. Tiren pel dret.<\/span><\/div>\n<p><\/p>\n<div style=\"text-align:justify;\"><span style=\"font-family:arial;\"><br \/><span style=\"font-size:130%;\"><\/span><\/span><\/div>\n<p><\/p>\n<div style=\"text-align:justify;\"><span style=\"font-family:arial;font-size:130%;\">La reforma de la Constituci\u00f3 \u00e9s doblement negativa. Per una banda constitucionalitza un biaix dret\u00e0 i liberal a la constituci\u00f3 limitant el d\u00e8ficit, per tant consagra una pol\u00edtica conservadora en l&#8217;\u00e0mbit econ\u00f2mic. En aquest sentit resulta xocant, o no, l&#8217;actitud p\u00e8ssima d&#8217;un PSOE que ja nom\u00e9s viu del nom i la perversa i c\u00ednica posici\u00f3 d&#8217;un PSC que de ben segur ens tornar\u00e0 a inflar el cap amb algun conte de fades a l&#8217;estil \u201csi tu no hi vas ells tornen\u201d. Per\u00f2 a m\u00e9s, la reforma \u00e9s clarament recentralitzadora i ataca l&#8217;autogovern, ja de per si migrat, que t\u00e9 Catalunya en mat\u00e8ria financera. Realment doncs, l&#8217;acord PPSOE significa un pas enrere tant en la q\u00fcesti\u00f3 nacional com en la social. En aquest sentit \u00e9s digne de recon\u00e8nxier la gran tasca sim\u00f2lica dels diputats independentistes i d&#8217;esquerres que han abandonat el Congr\u00e9s dels Diputats abans de la votaci\u00f3. Si alg\u00fa es continua preguntant, qu\u00e8 cal anar a fer a Madrid, amb la resposta a aquesta reforma en t\u00e9 un exemple. <\/span><\/div>\n<p><\/p>\n<div style=\"text-align:justify;\"><span style=\"font-family:arial;\"><br \/><span style=\"font-size:130%;\"><\/span><\/span><\/div>\n<p><\/p>\n<div style=\"text-align:justify;\"><span style=\"font-family:arial;font-size:130%;\">Per\u00f2 vint-i-quatre hores per la m\u00e0quina represora espanyola donen per molt. No en tenien prou en escorxar l&#8217;autogovern i institucionalitzar el neolibrealisme que el TSJC ha &#8216;ordenat&#8217; a la Generalitat que en el termini de dos mesos ha d&#8217;imposar el castell\u00e0 a les escoles com a lleguna vehicular. Una decisi\u00f3 que va en contra de criteris acad\u00e8mics i que respon simplement a la voluntat assimiladora d&#8217;aquest nacionalisme espanyol exacerbat que encara no ha acceptat, i no ho far\u00e0 mai, que la seva Espanya no existeix. Ens volen com una provincia m\u00e9s, com una Segovia amb castells i pa amb tom\u00e0quet. I saben que no ho serem. Per aix\u00f2 ataquen la llengua perqu\u00e8 garanteix la cohesi\u00f3 social, perqu\u00e8 no marca distincions, perqu\u00e8 uneix. <\/span><\/div>\n<p><\/p>\n<div style=\"text-align:justify;\"><span style=\"font-family:arial;\"><br \/><span style=\"font-size:130%;\"><\/span><\/span><\/div>\n<p><\/p>\n<div style=\"text-align:justify;\"><span style=\"font-family:arial;font-size:130%;\">Cal esperar que el Govern estar\u00e0 a l&#8217;al\u00e7ada de les circumst\u00e0ncies i que respondr\u00e0 com cal a les agressions d&#8217;aquestes vint-i-quatre hores en qu\u00e8 ha quedat clar que Espanya \u00e9s com \u00e9s: nacionalista i anticatalana.<\/span><\/div>\n<p><\/span><\/p>\n<div style=\"text-align:justify;\"><span class=\"Apple-style-span\"><br \/><\/span><\/div>\n<div class=\"blogger-post-footer\"><img width='1' height='1' src='https:\/\/blogger.googleusercontent.com\/tracker\/2467933452740288616-9141335307177051352?l=peresabat.blogspot.com' alt='' \/><\/div>\n","protected":false},"excerpt":{"rendered":"<p>Doncs s\u00ed, en vint-i-quatre hores n&#8217;hi ha prou i de sobres per comprnedre qu\u00e8 \u00e9s Espanya. Aquest \u00e9s el temps suficient per fer-se una idea, per sobre per\u00f2 suficient, del que representa i vol representar l&#8217;Estat espanyol. En tant sols vint-i-quatre hores Espanya ha canviat la seva -intocable- Constituci\u00f3 amb un clar sentit centralitzador, i&#8230;<\/p>\n","protected":false},"author":2,"featured_media":0,"comment_status":"open","ping_status":"open","sticky":false,"template":"","format":"standard","meta":{"footnotes":""},"categories":[26],"tags":[],"class_list":["post-1298","post","type-post","status-publish","format-standard","hentry","category-uncategorized"],"_links":{"self":[{"href":"https:\/\/www.blocdelsabat.cat\/index.php?rest_route=\/wp\/v2\/posts\/1298","targetHints":{"allow":["GET"]}}],"collection":[{"href":"https:\/\/www.blocdelsabat.cat\/index.php?rest_route=\/wp\/v2\/posts"}],"about":[{"href":"https:\/\/www.blocdelsabat.cat\/index.php?rest_route=\/wp\/v2\/types\/post"}],"author":[{"embeddable":true,"href":"https:\/\/www.blocdelsabat.cat\/index.php?rest_route=\/wp\/v2\/users\/2"}],"replies":[{"embeddable":true,"href":"https:\/\/www.blocdelsabat.cat\/index.php?rest_route=%2Fwp%2Fv2%2Fcomments&post=1298"}],"version-history":[{"count":0,"href":"https:\/\/www.blocdelsabat.cat\/index.php?rest_route=\/wp\/v2\/posts\/1298\/revisions"}],"wp:attachment":[{"href":"https:\/\/www.blocdelsabat.cat\/index.php?rest_route=%2Fwp%2Fv2%2Fmedia&parent=1298"}],"wp:term":[{"taxonomy":"category","embeddable":true,"href":"https:\/\/www.blocdelsabat.cat\/index.php?rest_route=%2Fwp%2Fv2%2Fcategories&post=1298"},{"taxonomy":"post_tag","embeddable":true,"href":"https:\/\/www.blocdelsabat.cat\/index.php?rest_route=%2Fwp%2Fv2%2Ftags&post=1298"}],"curies":[{"name":"wp","href":"https:\/\/api.w.org\/{rel}","templated":true}]}}