{"id":1299,"date":"2011-09-16T16:32:00","date_gmt":"2011-09-16T16:32:00","guid":{"rendered":"http:\/\/peresabat.wordpress.com\/2011\/09\/16\/dema-votare-a-jrb"},"modified":"2011-09-16T16:32:00","modified_gmt":"2011-09-16T16:32:00","slug":"dema-votare-a-jrb","status":"publish","type":"post","link":"https:\/\/www.blocdelsabat.cat\/?p=1299","title":{"rendered":"Dem\u00e0 Votar\u00e9 a JRB"},"content":{"rendered":"<p><a href=\"http:\/\/peresabat.files.wordpress.com\/2011\/09\/jrb1.jpg\"><img decoding=\"async\" alt=\"\" src=\"http:\/\/peresabat.files.wordpress.com\/2011\/09\/jrb1.jpg?w=300\" border=\"0\" \/><\/a><span class=\"Apple-style-span\"><br \/><\/span><\/p>\n<div style=\"text-align:justify;\"><span class=\"Apple-style-span\" style=\"font-family:arial;font-size:130%;\">Dem\u00e0 votar\u00e9 Alfred Bosch i amb ell l\u2019Oriol Junqueras i la Marta Rovira. I ho far\u00e9 per diverses raons. Esquerra Republicana de Catalunya durant els \u00faltims deu anys ha estat qui ha tirat del carro ideol\u00f2gic del pa\u00eds. Ha estat capa\u00e7 de generar debat, de proposar all\u00f2 que uns anys abans semblava impossible i ha generalitzat l\u2019independentisme. I aix\u00f2 ha de continuar fent. Per\u00f2 alhora ha de ser capa\u00e7 d\u2019adaptar-se als nous temps, a una manera de fer pol\u00edtica diferent a la partitocr\u00e0cia cl\u00e0ssica de la qual el partit n\u2019ha agafat els pitjors vicis. Per tant, cal obrir el partit a la gent, canviar la manera d\u2019organitzaci\u00f3, i aprofitar tota aquella gent que vol col\u00b7laborar i ajudar al projecte.<\/span><\/div>\n<p><\/p>\n<div style=\"text-align:justify;\"><span class=\"Apple-style-span\"><br \/><span style=\"font-family:arial;font-size:130%;\"><\/span><\/span><\/div>\n<p><\/p>\n<div style=\"text-align:justify;\"><span class=\"Apple-style-span\" style=\"font-family:arial;font-size:130%;\">Despr\u00e9s de les derrotes, no hi ha altre terme, de les catalanes i municipals queda clar que hi ha un cicle que ha quedat superat. I per tant cal un canvi, una renovaci\u00f3. Segurament aquest canvi ja calia al 2008 per\u00f2 la milit\u00e0ncia va decidir que no tocava. Ara \u00e9s imperatiu. Com a partit la imatge est\u00e0 cremada, no genera credibilitat ni confian\u00e7a. I s\u2019ubica encara com a crossa d\u2019altres partits. Durant els 80 i 90 s\u2019ubicava ERC com a crossa de CiU, i ara del PSC. ERC, com diu Junqueras, ha de ser ERC i definir-se i explicar-se a partir d\u2019ERC i no a partir d\u2019equidist\u00e0ncies amb els altres. <\/span><\/div>\n<p><\/p>\n<div style=\"text-align:justify;\"><span class=\"Apple-style-span\"><br \/><span style=\"font-family:arial;font-size:130%;\"><\/span><\/span><\/div>\n<p><\/p>\n<div style=\"text-align:justify;\"><span class=\"Apple-style-span\" style=\"font-family:arial;font-size:130%;\">I ara, per encarar el nou cicle calen noves cares. No comparteixo la idea de que cal fer foc nou a tot arreu, hi ha gent molt v\u00e0lida que mereix continuar, per\u00f2 s\u00ed que en les primeres l\u00ednies cal una renovaci\u00f3. La pol\u00edtica \u00e9s injusta i potser en un altre escenari l\u2019actual secretari general, Joan Ridao, podria continuar. Per\u00f2 no en aquest. La renovaci\u00f3 \u00e9s imperiosa i cal fer-la i fer-la b\u00e9. I perqu\u00e8 aquest fet s\u2019esdevingui cal que arribi, per exemple, al cap de cartell per les eleccions espanyoles. <\/span><\/div>\n<p><\/p>\n<div style=\"text-align:justify;\"><span class=\"Apple-style-span\"><br \/><span style=\"font-family:arial;font-size:130%;\"><\/span><\/span><\/div>\n<p><\/p>\n<div style=\"text-align:justify;\"><span class=\"Apple-style-span\" style=\"font-family:arial;font-size:130%;\">Dissabte votar\u00e9 per la renovaci\u00f3, l&#8217;obertura i el canvi. Dissabte votar\u00e9 per l&#8217;Oriol Junqueras, per la Marta Rovira i per l\u2019Alfred Bosch.<\/span><\/div>\n<p><\/p>\n<div style=\"text-align:justify;\"><\/div>\n<div class=\"blogger-post-footer\"><img width='1' height='1' src='https:\/\/blogger.googleusercontent.com\/tracker\/2467933452740288616-1546421971024523654?l=peresabat.blogspot.com' alt='' \/><\/div>\n","protected":false},"excerpt":{"rendered":"<p>Dem\u00e0 votar\u00e9 Alfred Bosch i amb ell l\u2019Oriol Junqueras i la Marta Rovira. I ho far\u00e9 per diverses raons. Esquerra Republicana de Catalunya durant els \u00faltims deu anys ha estat qui ha tirat del carro ideol\u00f2gic del pa\u00eds. Ha estat capa\u00e7 de generar debat, de proposar all\u00f2 que uns anys abans semblava impossible i ha&#8230;<\/p>\n","protected":false},"author":2,"featured_media":0,"comment_status":"open","ping_status":"open","sticky":false,"template":"","format":"standard","meta":{"footnotes":""},"categories":[26],"tags":[],"class_list":["post-1299","post","type-post","status-publish","format-standard","hentry","category-uncategorized"],"_links":{"self":[{"href":"https:\/\/www.blocdelsabat.cat\/index.php?rest_route=\/wp\/v2\/posts\/1299","targetHints":{"allow":["GET"]}}],"collection":[{"href":"https:\/\/www.blocdelsabat.cat\/index.php?rest_route=\/wp\/v2\/posts"}],"about":[{"href":"https:\/\/www.blocdelsabat.cat\/index.php?rest_route=\/wp\/v2\/types\/post"}],"author":[{"embeddable":true,"href":"https:\/\/www.blocdelsabat.cat\/index.php?rest_route=\/wp\/v2\/users\/2"}],"replies":[{"embeddable":true,"href":"https:\/\/www.blocdelsabat.cat\/index.php?rest_route=%2Fwp%2Fv2%2Fcomments&post=1299"}],"version-history":[{"count":0,"href":"https:\/\/www.blocdelsabat.cat\/index.php?rest_route=\/wp\/v2\/posts\/1299\/revisions"}],"wp:attachment":[{"href":"https:\/\/www.blocdelsabat.cat\/index.php?rest_route=%2Fwp%2Fv2%2Fmedia&parent=1299"}],"wp:term":[{"taxonomy":"category","embeddable":true,"href":"https:\/\/www.blocdelsabat.cat\/index.php?rest_route=%2Fwp%2Fv2%2Fcategories&post=1299"},{"taxonomy":"post_tag","embeddable":true,"href":"https:\/\/www.blocdelsabat.cat\/index.php?rest_route=%2Fwp%2Fv2%2Ftags&post=1299"}],"curies":[{"name":"wp","href":"https:\/\/api.w.org\/{rel}","templated":true}]}}