{"id":1303,"date":"2011-10-15T19:33:00","date_gmt":"2011-10-15T19:33:00","guid":{"rendered":"http:\/\/peresabat.wordpress.com\/2011\/10\/15\/ara-toca-no"},"modified":"2011-10-15T19:33:00","modified_gmt":"2011-10-15T19:33:00","slug":"ara-toca-no","status":"publish","type":"post","link":"https:\/\/www.blocdelsabat.cat\/?p=1303","title":{"rendered":"Ara Toca No"},"content":{"rendered":"<p><a href=\"http:\/\/peresabat.files.wordpress.com\/2011\/10\/sandro_qatar1.jpg\"><img decoding=\"async\" alt=\"\" src=\"http:\/\/peresabat.files.wordpress.com\/2011\/10\/sandro_qatar1.jpg?w=300\" border=\"0\" \/><\/a><\/p>\n<p><\/p>\n<div align=\"justify\"><span style=\"font-family:arial;font-size:130%;\">Avui a partir de les 15:00h els socis compromissaris del Bar\u00e7a podran decidir dues q\u00fcestions claus en el futur del club. Avui es decideix si s\u2019aprova la publicitat a la samarreta de Qatar Foundation i si s\u2019autoritza la Grada Jove \u2018Fan\u00e0tics\u2019. <\/span><\/div>\n<p><span style=\"font-family:arial;\"><\/p>\n<div align=\"justify\"><span style=\"font-size:130%;\">Des de que a inicis d\u2019aquest any el president Rosell va firmar el contracte amb Qatar Foundation ha corregut el missatge, que s\u2019ha accentuat molt aquests \u00faltims dies, de que el Bar\u00e7a nom\u00e9s podr\u00e0 seguir sent gran si mant\u00e9 l\u2019acord amb Qatar Foundation. Caram, aquesta s\u00ed que \u00e9s bona! Ara el Bar\u00e7a dependr\u00e0 d\u2019un patrocini en particular. Si s\u2019ha aconseguit aquest contracte, \u00e9s que tamb\u00e9 se\u2019n pot firmar un altre amb condicions favorables. Un dels arguments que la Junta Rosell est\u00e0 repetint des de que es va fer p\u00fablic l\u2019acord \u00e9s que el Bar\u00e7a t\u00e9 la samarreta m\u00e9s cara del m\u00f3n del futbol, i per tant, seria una bogeria deixar-lo escapar. Un argument per\u00f2 que no \u00e9s del tot cert perqu\u00e8 el Manchester United n\u2019ha firmat un, tamb\u00e9 aquesta temporada, per valor superior. Entenc que renunciar a 30 milions per temporada, i amb la planificaci\u00f3 pressupost\u00e0ria feta per aquest any, \u00e9s una bona ra\u00f3 per votar a favor de Qatar, per\u00f2 aqu\u00ed \u00e9s on es xoca amb els valors del club. S\u00ed, aquesta frase que encertadament sota la presid\u00e8ncia de Joan Laporta es convertir-se en la s\u00edntesi del significat del club: \u201cm\u00e9s que un club\u201d. De la mateixa manera que era del tot reprovable un acord amb Pequin 2008 o amb Bet&amp;Win, ara tamb\u00e9 ho \u00e9s amb Qatar Foundation. Ser el Bar\u00e7a comporta responsabilitats que segurament, altres equips desconeixen i trobarien rid\u00edcules, per\u00f2 el Bar\u00e7a t\u00e9 un patrimoni que convindria preservar. <\/span><\/div>\n<p><\/p>\n<div align=\"justify\"><span style=\"font-size:130%;\">I l\u2019altre gran tema de la jornada: la Grada Jove, una de les grans promeses de Sandro Rosell durant la campanya, \u00e9s a dir, una de les poques coses que va dir. I com amb Qatar Fundation cal dir No a la grada jove. No perqu\u00e8 es consideri que el Camp Nou anima molt durant els partits, perqu\u00e8 realment a vegades caldria una mica m\u00e9s de soroll, sin\u00f3 perqu\u00e8 el que \u00e9s intolerable seria la tornada dels violents al Camp. Va costar molt que marxessin i deixessin l\u2019status que havien aconseguit amb les \u00e8poques del blanc i negre de la dinastia Nu\u00f1ez i Gaspart. Va costar amenaces, un complot per apallissar al president Laporta&#8230; el Bar\u00e7a, en aix\u00f2 tamb\u00e9, ha exercit de capdavanter. Res a veure amb les complicitats de la majoria d\u2019equips amb certs grups ultres com per exemple el Madrid de Florentino amb els Ultra Sur. <\/span><\/div>\n<p><\/p>\n<div align=\"justify\"><span style=\"font-size:130%;\">El Bar\u00e7a no \u00e9s nom\u00e9s una entitat que ha de gestionar un pressupost, el Bar\u00e7a tamb\u00e9 \u00e9s una entitat que transmet uns valors i que s\u2019ha convertit en un referent mundial a trav\u00e9s dels seus \u00e8xits, cert, per\u00f2 tamb\u00e9 per una determinada manera de fer les coses i de representar uns valors universals. <\/span><\/div>\n<p><\/p>\n<div align=\"right\"><\/span><\/div>\n<p><\/p>\n<div align=\"right\"><span style=\"font-family:courier new;\"><em>publicat al 13alacarta.cat el 24 de setembre<\/em><\/span><\/div>\n<div class=\"blogger-post-footer\"><img width='1' height='1' src='https:\/\/blogger.googleusercontent.com\/tracker\/2467933452740288616-1438971294498566834?l=peresabat.blogspot.com' alt='' \/><\/div>\n","protected":false},"excerpt":{"rendered":"<p>Avui a partir de les 15:00h els socis compromissaris del Bar\u00e7a podran decidir dues q\u00fcestions claus en el futur del club. Avui es decideix si s\u2019aprova la publicitat a la samarreta de Qatar Foundation i si s\u2019autoritza la Grada Jove \u2018Fan\u00e0tics\u2019. Des de que a inicis d\u2019aquest any el president Rosell va firmar el contracte&#8230;<\/p>\n","protected":false},"author":2,"featured_media":0,"comment_status":"open","ping_status":"open","sticky":false,"template":"","format":"standard","meta":{"footnotes":""},"categories":[26],"tags":[],"class_list":["post-1303","post","type-post","status-publish","format-standard","hentry","category-uncategorized"],"_links":{"self":[{"href":"https:\/\/www.blocdelsabat.cat\/index.php?rest_route=\/wp\/v2\/posts\/1303","targetHints":{"allow":["GET"]}}],"collection":[{"href":"https:\/\/www.blocdelsabat.cat\/index.php?rest_route=\/wp\/v2\/posts"}],"about":[{"href":"https:\/\/www.blocdelsabat.cat\/index.php?rest_route=\/wp\/v2\/types\/post"}],"author":[{"embeddable":true,"href":"https:\/\/www.blocdelsabat.cat\/index.php?rest_route=\/wp\/v2\/users\/2"}],"replies":[{"embeddable":true,"href":"https:\/\/www.blocdelsabat.cat\/index.php?rest_route=%2Fwp%2Fv2%2Fcomments&post=1303"}],"version-history":[{"count":0,"href":"https:\/\/www.blocdelsabat.cat\/index.php?rest_route=\/wp\/v2\/posts\/1303\/revisions"}],"wp:attachment":[{"href":"https:\/\/www.blocdelsabat.cat\/index.php?rest_route=%2Fwp%2Fv2%2Fmedia&parent=1303"}],"wp:term":[{"taxonomy":"category","embeddable":true,"href":"https:\/\/www.blocdelsabat.cat\/index.php?rest_route=%2Fwp%2Fv2%2Fcategories&post=1303"},{"taxonomy":"post_tag","embeddable":true,"href":"https:\/\/www.blocdelsabat.cat\/index.php?rest_route=%2Fwp%2Fv2%2Ftags&post=1303"}],"curies":[{"name":"wp","href":"https:\/\/api.w.org\/{rel}","templated":true}]}}