{"id":1313,"date":"2011-10-15T19:50:00","date_gmt":"2011-10-15T19:50:00","guid":{"rendered":"http:\/\/peresabat.wordpress.com\/2011\/10\/15\/el-conte-de-lavi-jose"},"modified":"2011-10-15T19:50:00","modified_gmt":"2011-10-15T19:50:00","slug":"el-conte-de-lavi-jose","status":"publish","type":"post","link":"https:\/\/www.blocdelsabat.cat\/?p=1313","title":{"rendered":"El Conte de l&#8217;Avi Jos\u00e9"},"content":{"rendered":"<p><a href=\"http:\/\/peresabat.files.wordpress.com\/2011\/10\/josc3a3c2a9_zaragoza1.jpg\"><img decoding=\"async\" alt=\"\" src=\"http:\/\/peresabat.files.wordpress.com\/2011\/10\/jos25c325a9_zaragoza.jpg?w=296\" border=\"0\" \/><\/a><\/p>\n<div align=\"justify\"><span style=\"font-family:arial;font-size:130%;\">En Jos\u00e9 \u00e9s un molt bon avi, s\u00ed, d\u2019aquells que asseuen els n\u00e9ts a la falda i els hi expliquen contes o hist\u00f2ries. Contes inventats o de la tradici\u00f3 oral del pa\u00eds i hist\u00f2ries o viv\u00e8ncies d\u2019uns temps que segur que sonen llunyans per les orelles que les escolten.<\/span><\/div>\n<p><\/p>\n<div align=\"justify\"><span style=\"font-family:arial;font-size:130%;\">L\u2019avi Jos\u00e9 t\u00e9 moltes d\u2019hist\u00f2ries per explicar, moltes, en sap un niu. I en la gran majoria d\u2019elles, ell n\u2019\u00e9s el protagonista, potser no el principal per\u00f2 s\u00ed que destacat i aix\u00f2 als seus n\u00e9ts els hi encanta. L\u2019avi Jos\u00e9 defensa i exposa totes les hist\u00f2ries amb una veu clara i convincent, arrossegant les esses i amb aquell \u00edmpetu que tant el va caracteritzar de jove i normalment cada cop aconsegueix que els seus n\u00e9ts estiguin atents durant tot el relat. Els seus n\u00e9ts l\u2019estimen molt i recorden sempre aquell conte d\u2019abans d\u2019anar a dormir quan estan a casa de l\u2019avi Jos\u00e9 i que sempre, sempre, sempre els hi explica. <\/span><\/div>\n<p><\/p>\n<div align=\"justify\"><span style=\"font-family:arial;font-size:130%;\">El conte tracta, com la majoria de contes infantils, d\u2019uns senyors molt, molt i molt bons que s\u2019enfrontaven a uns molt, molt i molt dolents. L\u2019avi Jos\u00e9 sempre comen\u00e7a aix\u00ed \u201chi havia una vegada uns senyors dolents, dolents que volien tornar a la foscor totes les coses bones que els senyors bons, bons havien aconseguit i la gent els hi tenia molta, molta por\u201d. Els n\u00e9ts, per all\u00f2 de no ferir els sentiments del seu estimat avi, no li diuen mai per\u00f2 comencen a estar cansats que cada vegada els hi expliqui, quasi, el mateix conte, pensen \u201cl\u2019avi es fa gran i li costa pensar nous contes\u201d. En defensa de l\u2019avi Jos\u00e9 s\u2019ha de dir que igual-igual el conte no \u00e9s, sempre hi ha alguna difer\u00e8ncia com per exemple el nom dels protagonistes. Una vegada els bons s\u2019anomenen Jos\u00e9 o Carmen o Jos\u00e9 Luis, i els dolents o Mariano o Jos\u00e9 Maria o Alejo. En fi, malgrat que els protagonistes canvien de nom el conte, al parer dels n\u00e9ts, \u00e9s repetitiu. <\/span><\/div>\n<p><\/p>\n<div align=\"justify\"><span style=\"font-size:130%;\"><span style=\"font-family:arial;\">Tot i que \u00e9s un molt bon avi, en Jos\u00e9 segur que t\u00e9 un n\u00e9t que, desfent-se dels sentiments o de la prud\u00e8ncia, algun dia li preguntar\u00e0: \u201cAvi, em pots explicar un altre conte?\u201d. No estic segur que l\u2019avi Jos\u00e9 ho aconsegueixi. L\u2019avi Jos\u00e9 nom\u00e9s sap explicar un conte, i estic conven\u00e7ut que al final, fins i tot els seus n\u00e9ts, l\u2019avorriran. <\/span><br \/><\/span><\/div>\n<div align=\"right\"><em><span style=\"font-family:courier new;\">Article publicat al 13alacarta.cat<\/span><\/em><\/div>\n<div class=\"blogger-post-footer\"><img width='1' height='1' src='https:\/\/blogger.googleusercontent.com\/tracker\/2467933452740288616-8266782177542944950?l=peresabat.blogspot.com' alt='' \/><\/div>\n","protected":false},"excerpt":{"rendered":"<p>En Jos\u00e9 \u00e9s un molt bon avi, s\u00ed, d\u2019aquells que asseuen els n\u00e9ts a la falda i els hi expliquen contes o hist\u00f2ries. Contes inventats o de la tradici\u00f3 oral del pa\u00eds i hist\u00f2ries o viv\u00e8ncies d\u2019uns temps que segur que sonen llunyans per les orelles que les escolten. L\u2019avi Jos\u00e9 t\u00e9 moltes d\u2019hist\u00f2ries per&#8230;<\/p>\n","protected":false},"author":2,"featured_media":0,"comment_status":"open","ping_status":"open","sticky":false,"template":"","format":"standard","meta":{"footnotes":""},"categories":[26],"tags":[],"class_list":["post-1313","post","type-post","status-publish","format-standard","hentry","category-uncategorized"],"_links":{"self":[{"href":"https:\/\/www.blocdelsabat.cat\/index.php?rest_route=\/wp\/v2\/posts\/1313","targetHints":{"allow":["GET"]}}],"collection":[{"href":"https:\/\/www.blocdelsabat.cat\/index.php?rest_route=\/wp\/v2\/posts"}],"about":[{"href":"https:\/\/www.blocdelsabat.cat\/index.php?rest_route=\/wp\/v2\/types\/post"}],"author":[{"embeddable":true,"href":"https:\/\/www.blocdelsabat.cat\/index.php?rest_route=\/wp\/v2\/users\/2"}],"replies":[{"embeddable":true,"href":"https:\/\/www.blocdelsabat.cat\/index.php?rest_route=%2Fwp%2Fv2%2Fcomments&post=1313"}],"version-history":[{"count":0,"href":"https:\/\/www.blocdelsabat.cat\/index.php?rest_route=\/wp\/v2\/posts\/1313\/revisions"}],"wp:attachment":[{"href":"https:\/\/www.blocdelsabat.cat\/index.php?rest_route=%2Fwp%2Fv2%2Fmedia&parent=1313"}],"wp:term":[{"taxonomy":"category","embeddable":true,"href":"https:\/\/www.blocdelsabat.cat\/index.php?rest_route=%2Fwp%2Fv2%2Fcategories&post=1313"},{"taxonomy":"post_tag","embeddable":true,"href":"https:\/\/www.blocdelsabat.cat\/index.php?rest_route=%2Fwp%2Fv2%2Ftags&post=1313"}],"curies":[{"name":"wp","href":"https:\/\/api.w.org\/{rel}","templated":true}]}}