{"id":1315,"date":"2011-11-19T19:48:00","date_gmt":"2011-11-19T19:48:00","guid":{"rendered":"http:\/\/peresabat.wordpress.com\/2011\/11\/19\/la-complexitat-del-45"},"modified":"2011-11-19T19:48:00","modified_gmt":"2011-11-19T19:48:00","slug":"la-complexitat-del-45","status":"publish","type":"post","link":"https:\/\/www.blocdelsabat.cat\/?p=1315","title":{"rendered":"La Complexitat del 45%"},"content":{"rendered":"<p><a href=\"http:\/\/peresabat.files.wordpress.com\/2011\/11\/estelada1.jpg\"><img decoding=\"async\" alt=\"\" src=\"http:\/\/peresabat.files.wordpress.com\/2011\/11\/estelada1.jpg?w=300\" border=\"0\" \/><\/a><\/p>\n<div align=\"justify\"><span style=\"font-family:arial;font-size:130%;\">Catalunya \u00e9s un pa\u00eds complex. Qui pretengui fer l\u00ednies rectes per fer prediccions o jugar a fer de visionari, m\u00e9s val que s\u2019ho repensi. En l\u2019\u00faltima enquesta del Centre d\u2019Estudis d\u2019Opini\u00f3 feta p\u00fablica aquest dimarts, s\u2019anunciava que el suport a la independ\u00e8ncia de Catalunya arribava al 45,4% i pujava dos punt en tres mesos. Catalunya segons el CEO camina cap a la independ\u00e8ncia. <\/span><\/div>\n<div align=\"justify\"><span style=\"font-family:arial;font-size:130%;\">Que l\u2019independentisme creix \u00e9s evident, ja que cada cop hi ha m\u00e9s persones que es manifesten obertament partidaris de l\u2019estat propi, o donen suport a formacions que defensen aquest objectiu. <\/span><\/div>\n<p><\/p>\n<div align=\"justify\"><span style=\"font-family:arial;font-size:130%;\"><br \/>Ara b\u00e9, l\u2019enquesta tamb\u00e9 apunta projeccions de cara les eleccions espanyoles. Si f\u00e9ssim una correlaci\u00f3 \u2018pura\u2019 seria l\u00f2gic que els partits o coalicions independentistes arrasessin en aquests comicis. Per\u00f2 no. No \u00e9s aix\u00ed. Segons l\u2019enquesta qui guanyaria les eleccions a Catalunya seria un candidat, Duran i Lleida, que \u00e9s furibundament anti-independentista. Per\u00f2 no nom\u00e9s ho \u00e9s Duran, Carme Chac\u00f3n i Jorge Fern\u00e1ndez, que serien segon i tercer, tamb\u00e9 s\u00f3n contraris a la independ\u00e8ncia. Per tant, tot i que un 45% declara que votaria S\u00ed en un refer\u00e8ndum la gran majoria d\u2019aquests votar\u00e0 opcions que, malgrat les bases puguin ser-ne, presenten candidats que en s\u00f3n contraris. <\/span><\/div>\n<p><span style=\"font-family:arial;font-size:130%;\"><\/p>\n<div align=\"justify\">Catalunya \u00e9s un pa\u00eds complex. Queda clar que el cam\u00ed ser\u00e0 llarg. Tot i aix\u00ed, si tots plegats f\u00f3ssim m\u00e9s coherents potser anir\u00edem m\u00e9s r\u00e0pid. <\/div>\n<p><\/p>\n<div align=\"right\"><span style=\"font-family:courier new;\"><em>Publicat al 3 de Vuit el 28 d\u2019octubre del 2011<\/em><\/span><\/span><\/div>\n<div class=\"blogger-post-footer\"><img width='1' height='1' src='https:\/\/blogger.googleusercontent.com\/tracker\/2467933452740288616-1416372747092017417?l=peresabat.blogspot.com' alt='' \/><\/div>\n","protected":false},"excerpt":{"rendered":"<p>Catalunya \u00e9s un pa\u00eds complex. Qui pretengui fer l\u00ednies rectes per fer prediccions o jugar a fer de visionari, m\u00e9s val que s\u2019ho repensi. En l\u2019\u00faltima enquesta del Centre d\u2019Estudis d\u2019Opini\u00f3 feta p\u00fablica aquest dimarts, s\u2019anunciava que el suport a la independ\u00e8ncia de Catalunya arribava al 45,4% i pujava dos punt en tres mesos. Catalunya&#8230;<\/p>\n","protected":false},"author":2,"featured_media":0,"comment_status":"open","ping_status":"open","sticky":false,"template":"","format":"standard","meta":{"footnotes":""},"categories":[26],"tags":[],"class_list":["post-1315","post","type-post","status-publish","format-standard","hentry","category-uncategorized"],"_links":{"self":[{"href":"https:\/\/www.blocdelsabat.cat\/index.php?rest_route=\/wp\/v2\/posts\/1315","targetHints":{"allow":["GET"]}}],"collection":[{"href":"https:\/\/www.blocdelsabat.cat\/index.php?rest_route=\/wp\/v2\/posts"}],"about":[{"href":"https:\/\/www.blocdelsabat.cat\/index.php?rest_route=\/wp\/v2\/types\/post"}],"author":[{"embeddable":true,"href":"https:\/\/www.blocdelsabat.cat\/index.php?rest_route=\/wp\/v2\/users\/2"}],"replies":[{"embeddable":true,"href":"https:\/\/www.blocdelsabat.cat\/index.php?rest_route=%2Fwp%2Fv2%2Fcomments&post=1315"}],"version-history":[{"count":0,"href":"https:\/\/www.blocdelsabat.cat\/index.php?rest_route=\/wp\/v2\/posts\/1315\/revisions"}],"wp:attachment":[{"href":"https:\/\/www.blocdelsabat.cat\/index.php?rest_route=%2Fwp%2Fv2%2Fmedia&parent=1315"}],"wp:term":[{"taxonomy":"category","embeddable":true,"href":"https:\/\/www.blocdelsabat.cat\/index.php?rest_route=%2Fwp%2Fv2%2Fcategories&post=1315"},{"taxonomy":"post_tag","embeddable":true,"href":"https:\/\/www.blocdelsabat.cat\/index.php?rest_route=%2Fwp%2Fv2%2Ftags&post=1315"}],"curies":[{"name":"wp","href":"https:\/\/api.w.org\/{rel}","templated":true}]}}