{"id":1316,"date":"2011-11-19T19:57:00","date_gmt":"2011-11-19T19:57:00","guid":{"rendered":"http:\/\/peresabat.wordpress.com\/2011\/11\/19\/i-dallo-nostre"},"modified":"2011-11-19T19:57:00","modified_gmt":"2011-11-19T19:57:00","slug":"i-dallo-nostre","status":"publish","type":"post","link":"https:\/\/www.blocdelsabat.cat\/?p=1316","title":{"rendered":"I d&#8217;All\u00f2 Nostre?"},"content":{"rendered":"<div align=\"justify\"><a href=\"http:\/\/peresabat.files.wordpress.com\/2011\/11\/rajoyrubalcabadebat1.jpg\"><img decoding=\"async\" alt=\"\" src=\"http:\/\/peresabat.files.wordpress.com\/2011\/11\/rajoy2brubalcaba2bdebat.jpg?w=300\" border=\"0\" \/><\/a> <span style=\"font-family:arial;font-size:130%;\">El 34% dels espectadors catalans van escollir dilluns veure \u201cl\u2019esperat\u201d cara-a-cara entre els dos candidats amb possibilitats de ser el nou president espanyol. Dos punts menys que el de fa quatre anys. Catalunya va ser llavors un dels focus centrals del debat sobretot perqu\u00e8 encara hi havia el proc\u00e9s de l\u2019estatut que estava segrestat al Tribunal Constitucional. Llavors, el PSOE encara tenia una mica d\u2019esma, i de dec\u00e8ncia, de defensar el proc\u00e9s i la necessitat de Catalunya d\u2019augmentar el seu autogovern. En canvi, en el debat d\u2019aquestes eleccions el tema \u2018catal\u00e1n\u2019 va brillar per la seva abs\u00e8ncia. <\/span><\/div>\n<p><\/p>\n<div align=\"justify\"><span style=\"font-family:arial;font-size:130%;\">Sembla que tant PP com PSOE ja els agrada la situaci\u00f3 tal i com est\u00e0: un estatut trinxat pel TC que impedeix l\u2019autogovern. Res d\u2019estranyar d\u2019altra banda quan es recorden les declaracions de la candidata i ministra de defensa Chac\u00f3n beneint la sent\u00e8ncia castradora. <\/span><\/div>\n<div align=\"justify\"><span style=\"font-family:arial;font-size:130%;\">El desinter\u00e8s per Catalunya per\u00f2, no \u00e9s un oblit sin\u00f3 que respon a una realitat objectiva: Catalunya ja no decideix eleccions generals. Al 2008 Zapatero sabia que si volia repetir a La Moncloa havia de comptar amb uns grans resultats a Catalunya. De la mateixa manera que al 2004. <\/span><\/div>\n<div align=\"justify\"><span style=\"font-family:arial;font-size:130%;\">Ara per\u00f2, en un proc\u00e9s de desbandada socialista i amb una, preocupant, pujada del neonacionalcatolicisme Catalunya i els seus temes passen a millor hist\u00f2ria. Caldria tenir-ho present. El vot \u00fatil ha mort.<\/p>\n<p><em><span style=\"font-family:courier new;font-size:100%;\">Article publicat al 3 de Vuit l\u201911 de novembre del 2011<\/span><\/em><\/span><\/div>\n<div class=\"blogger-post-footer\"><img width='1' height='1' src='https:\/\/blogger.googleusercontent.com\/tracker\/2467933452740288616-939108825154815972?l=peresabat.blogspot.com' alt='' \/><\/div>\n","protected":false},"excerpt":{"rendered":"<p>El 34% dels espectadors catalans van escollir dilluns veure \u201cl\u2019esperat\u201d cara-a-cara entre els dos candidats amb possibilitats de ser el nou president espanyol. Dos punts menys que el de fa quatre anys. Catalunya va ser llavors un dels focus centrals del debat sobretot perqu\u00e8 encara hi havia el proc\u00e9s de l\u2019estatut que estava segrestat al&#8230;<\/p>\n","protected":false},"author":2,"featured_media":0,"comment_status":"open","ping_status":"open","sticky":false,"template":"","format":"standard","meta":{"footnotes":""},"categories":[26],"tags":[],"class_list":["post-1316","post","type-post","status-publish","format-standard","hentry","category-uncategorized"],"_links":{"self":[{"href":"https:\/\/www.blocdelsabat.cat\/index.php?rest_route=\/wp\/v2\/posts\/1316","targetHints":{"allow":["GET"]}}],"collection":[{"href":"https:\/\/www.blocdelsabat.cat\/index.php?rest_route=\/wp\/v2\/posts"}],"about":[{"href":"https:\/\/www.blocdelsabat.cat\/index.php?rest_route=\/wp\/v2\/types\/post"}],"author":[{"embeddable":true,"href":"https:\/\/www.blocdelsabat.cat\/index.php?rest_route=\/wp\/v2\/users\/2"}],"replies":[{"embeddable":true,"href":"https:\/\/www.blocdelsabat.cat\/index.php?rest_route=%2Fwp%2Fv2%2Fcomments&post=1316"}],"version-history":[{"count":0,"href":"https:\/\/www.blocdelsabat.cat\/index.php?rest_route=\/wp\/v2\/posts\/1316\/revisions"}],"wp:attachment":[{"href":"https:\/\/www.blocdelsabat.cat\/index.php?rest_route=%2Fwp%2Fv2%2Fmedia&parent=1316"}],"wp:term":[{"taxonomy":"category","embeddable":true,"href":"https:\/\/www.blocdelsabat.cat\/index.php?rest_route=%2Fwp%2Fv2%2Fcategories&post=1316"},{"taxonomy":"post_tag","embeddable":true,"href":"https:\/\/www.blocdelsabat.cat\/index.php?rest_route=%2Fwp%2Fv2%2Ftags&post=1316"}],"curies":[{"name":"wp","href":"https:\/\/api.w.org\/{rel}","templated":true}]}}