{"id":1317,"date":"2011-11-19T20:00:00","date_gmt":"2011-11-19T20:00:00","guid":{"rendered":"http:\/\/peresabat.wordpress.com\/2011\/11\/19\/20n"},"modified":"2011-11-19T20:00:00","modified_gmt":"2011-11-19T20:00:00","slug":"20n","status":"publish","type":"post","link":"https:\/\/www.blocdelsabat.cat\/?p=1317","title":{"rendered":"#20N"},"content":{"rendered":"<p><a href=\"http:\/\/peresabat.files.wordpress.com\/2011\/11\/urna1.jpg\"><img decoding=\"async\" alt=\"\" src=\"http:\/\/peresabat.files.wordpress.com\/2011\/11\/urna1.jpg?w=300\" border=\"0\" \/><\/a><\/p>\n<div align=\"justify\"><span style=\"font-family:arial;font-size:130%;\">Ja hi som. Ja hem arribat al dia m\u00e9s est\u00fapid de la campanya: El dia de reflexi\u00f3. En ple segle XXI on les xarxes socials no descansen ni un segon i on la televisi\u00f3 continua parlant de les eleccions \u00e9s, com a m\u00ednim, q\u00fcestionable aquest dia. Per\u00f2 ja que hi \u00e9s, aprofitem-lo.<\/span><\/div>\n<p><span style=\"font-family:arial;font-size:130%;\"><\/p>\n<div align=\"justify\">Com arriben els partits al 20N? Han millorat respecte a les expectatives inicials? O s\u2019han enfonsat?El PSC seguint la l\u00ednia del seu cap de campanya, Jos\u00e9 Zaragoza ha plantejat la t\u00edpica campanya a la contra. Que s\u00ed la dreta retallar\u00e0, que si la dreta traur\u00e0 drets socials, que si tancaran hospitals&#8230; res de nou al m\u00f3n de Nicaragua. Tot i convertir-se en la reina del cinisme m\u00e9s grotesc i fer gala d\u2019un maquiavelisme estratosf\u00e8ric, cal destacar el paper de Carme Chac\u00f3n. Ha estat una brillant candidata. Ning\u00fa m\u00e9s hauria defensat tant i tant b\u00e9 el paper que ha fet: dir que ve la dreta a aplicar les mateixes mesures que ella ha tirat endavant des del consell de ministre. I sense despentinar-se.<\/div>\n<p><\/p>\n<div align=\"justify\">A can C\u00f2rsega crec que han fet la pitjor campanya. El pacte fiscal que proclamaven com a bandera per intentar guanyar al 20N ha patit la compet\u00e8ncia d\u2019inputs llen\u00e7ats pel mateix candidat que han desdibuixat per complert la proposta. Que es passi de defensar el pacte fiscal a l\u2019estil basc a defensar una rebaixa del 50% del d\u00e8ficit fiscal no ajuda a centrar el missatge com tampoc les crides (avui s\u00ed, dem\u00e0 no) d\u2019un govern de concentraci\u00f3 \u2013nacional?- entre PP, PSOE i CiU, una proposta que va ser descartada en p\u00fablic pel mateix President Pujol deixant en una posici\u00f3 delicada a Duran Lleida. CIU va comen\u00e7ar buscant el duel amb Rajoy i Rubalcaba per\u00f2 ha acabat repartint estopa contra Alfred Bosch per por a fugues sobiranistes ja que les crides a la \u2018dignitat nacional\u2019 fetes per Duran tenen tanta credibilitat com quan el Figo prometia amor etern al Bar\u00e7a.<\/div>\n<p><\/p>\n<div align=\"justify\">Precisament la nova ERC de Junqueras i Alfred Bosch ha estat qui m\u00e9s partit ha tret de la campanya. S\u2019ha pogut fer, gr\u00e0cies al perfil del Duran, amb el missatge de la independ\u00e8ncia econ\u00f2mica i ha iniciat un interessant cam\u00ed cap a la unitat independentista amb Reagrupament i la plataforma Catalunya S\u00ed. Nom\u00e9s cal recordar les enquestes de finals d\u2019estiu i comparar-les amb les actuals per veure que l\u2019aposta de renovaci\u00f3 i canvi de l\u2019equip de Junqueras ha estat encertada. Un dels punts positius de la campanya dels republicans ha estat el seu candidat ja que ha estat una anhelada d\u2019aire fresc. La campanya tamb\u00e9 ha servit per esvair la idea que des de certs sectors period\u00edstics s\u2019havia dit d\u2019un suposat gir a la dreta d\u2019ERC, nom\u00e9s feia falta escoltar al n\u00famero dos de la formaci\u00f3 per deixar enrere tots els dubtes.<\/div>\n<p><\/p>\n<div align=\"justify\">Per altra banda ICV tamb\u00e9 ha fet una bona campanya que s\u2019ha centrat quasi exclusivament en equiparar PSC-CIU per intentar pescar en les aig\u00fces brutes del PSC. Es podria dir que tampoc hi ha hagut cap novetat, per\u00f2 com ERC han presentat un candidat independent que ha sabut marcar b\u00e9 el seu espai electoral. Pujaran gr\u00e0cies a vots ex-PSC, la q\u00fcesti\u00f3 \u00e9s saber quant. <\/div>\n<p><\/p>\n<div align=\"justify\">Per \u00faltim el PP, sembla que no hagi quasi fet campanya ja que anava sobre la cresta de l\u2018onada que a nivell espanyol est\u00e0 instal\u2022lat el PP. Fern\u00e1ndez Diaz \u00e9s un candidat innocu que ha cedit a Camacho i Rajoy el pes d\u2019una campanya que ha oblidat tots els temes pol\u00e8mics. <\/div>\n<p><\/p>\n<div align=\"justify\">El 20N canviar\u00e0 l\u2019escenari actual, faltar\u00e0 veure si a m\u00e9s marcar\u00e0 tend\u00e8ncies pels propers anys. <\/span><\/div>\n<p><\/p>\n<div align=\"right\"><span style=\"font-family:courier new;font-size:130%;\"><em>Article publicat al 13alacarta.cat<\/em><\/span><\/div>\n<div class=\"blogger-post-footer\"><img width='1' height='1' src='https:\/\/blogger.googleusercontent.com\/tracker\/2467933452740288616-5092710789492844216?l=peresabat.blogspot.com' alt='' \/><\/div>\n","protected":false},"excerpt":{"rendered":"<p>Ja hi som. Ja hem arribat al dia m\u00e9s est\u00fapid de la campanya: El dia de reflexi\u00f3. En ple segle XXI on les xarxes socials no descansen ni un segon i on la televisi\u00f3 continua parlant de les eleccions \u00e9s, com a m\u00ednim, q\u00fcestionable aquest dia. Per\u00f2 ja que hi \u00e9s, aprofitem-lo. Com arriben els&#8230;<\/p>\n","protected":false},"author":2,"featured_media":0,"comment_status":"open","ping_status":"open","sticky":false,"template":"","format":"standard","meta":{"footnotes":""},"categories":[26],"tags":[],"class_list":["post-1317","post","type-post","status-publish","format-standard","hentry","category-uncategorized"],"_links":{"self":[{"href":"https:\/\/www.blocdelsabat.cat\/index.php?rest_route=\/wp\/v2\/posts\/1317","targetHints":{"allow":["GET"]}}],"collection":[{"href":"https:\/\/www.blocdelsabat.cat\/index.php?rest_route=\/wp\/v2\/posts"}],"about":[{"href":"https:\/\/www.blocdelsabat.cat\/index.php?rest_route=\/wp\/v2\/types\/post"}],"author":[{"embeddable":true,"href":"https:\/\/www.blocdelsabat.cat\/index.php?rest_route=\/wp\/v2\/users\/2"}],"replies":[{"embeddable":true,"href":"https:\/\/www.blocdelsabat.cat\/index.php?rest_route=%2Fwp%2Fv2%2Fcomments&post=1317"}],"version-history":[{"count":0,"href":"https:\/\/www.blocdelsabat.cat\/index.php?rest_route=\/wp\/v2\/posts\/1317\/revisions"}],"wp:attachment":[{"href":"https:\/\/www.blocdelsabat.cat\/index.php?rest_route=%2Fwp%2Fv2%2Fmedia&parent=1317"}],"wp:term":[{"taxonomy":"category","embeddable":true,"href":"https:\/\/www.blocdelsabat.cat\/index.php?rest_route=%2Fwp%2Fv2%2Fcategories&post=1317"},{"taxonomy":"post_tag","embeddable":true,"href":"https:\/\/www.blocdelsabat.cat\/index.php?rest_route=%2Fwp%2Fv2%2Ftags&post=1317"}],"curies":[{"name":"wp","href":"https:\/\/api.w.org\/{rel}","templated":true}]}}