{"id":1323,"date":"2012-02-03T16:25:00","date_gmt":"2012-02-03T16:25:00","guid":{"rendered":"http:\/\/peresabat.wordpress.com\/2012\/02\/03\/lamic-de-dignidad-y-justicia"},"modified":"2012-02-03T16:25:00","modified_gmt":"2012-02-03T16:25:00","slug":"lamic-de-dignidad-y-justicia","status":"publish","type":"post","link":"https:\/\/www.blocdelsabat.cat\/?p=1323","title":{"rendered":"L&#8217;Amic de &#8220;Dignidad y Justicia&#8221;"},"content":{"rendered":"<p><a href=\"http:\/\/peresabat.files.wordpress.com\/2012\/02\/joan_tardc3a0_otegi1.jpg\"><img decoding=\"async\" alt=\"\" src=\"http:\/\/peresabat.files.wordpress.com\/2012\/02\/joan_tard25c325a0_otegi.jpg?w=260\" border=\"0\" \/><\/a><\/p>\n<div align=\"justify\"><span style=\"font-family:arial;font-size:130%;\">Defensar qui defensa la pau mai, mai pot ser titllat d\u2019antidemocr\u00e0tic. Defensar qui defensa el silenci de les armes mai, mai pot ser titllat de menysprear a les v\u00edctimes. Defensar qui defensa el di\u00e0leg mai, mai pot ser titllat de sectari. Defensar l\u2019alliberament de qui defensa aquests valors mai, mai pot ser titllat d\u2019enaltiment del terrorisme.<\/span><\/div>\n<p><span style=\"font-family:arial;font-size:130%;\"><\/p>\n<div align=\"justify\">Arnaldo Otegi est\u00e0 empresonat des de fa 28 mesos a una pres\u00f3 espanyola pel \u2018delicte\u2019 d\u2019organitzar un partit que volia rebutjar la viol\u00e8ncia etarra. Gran delicte si senyor. Posar a la garjola aquells qui poden desencallar un conflicte \u00e9s d\u2019all\u00f2 m\u00e9s intel\u00b7ligent. Sobretot pels que no volen que es resolgui el conflicte. <\/div>\n<p><\/p>\n<div align=\"justify\">Aquesta setmana davant la pres\u00f3 de Lorgo\u00f1o que \u00e9s on Espanya t\u00e9 tancat Arnaldo Otegi tot de personalitats van fer un acte de suport al seu alliberament. Entre els participants hi havia el diputat d\u2019ERC-Rcat Joan Tard\u00e0. La pres\u00e8ncia de Tard\u00e0 en aquest acte no ha passat desapercebuda. L\u2019associaci\u00f3 \u201cDignidad y Justicia\u201d l\u2019ha denunciat per enaltiment del terrorisme per haver estat a l\u2019acte i dir \u201camic\u201d a Otegi, un fet que consideren menysprea a les v\u00edctimes. Curi\u00f3s nom el d\u2019aquesta associaci\u00f3, per\u00f2 ja que hi estan posats, si volen els hi dono un nom que si que podran denunciar per aquest delicte, Jes\u00fas Maria Posada, president del Congr\u00e9s, per l\u2019homenatge que vol fer a Manuel Fraga. Just\u00edcia? Dignitat? Va home va!<\/div>\n<p><\/p>\n<div align=\"right\"><span style=\"font-family:courier new;\"><em>Article publicat al 3 de Vuit (3-2-2012) <\/em><\/span><\/span><\/div>\n<div class=\"blogger-post-footer\"><img width='1' height='1' src='https:\/\/blogger.googleusercontent.com\/tracker\/2467933452740288616-1970053641311231949?l=peresabat.blogspot.com' alt='' \/><\/div>\n","protected":false},"excerpt":{"rendered":"<p>Defensar qui defensa la pau mai, mai pot ser titllat d\u2019antidemocr\u00e0tic. Defensar qui defensa el silenci de les armes mai, mai pot ser titllat de menysprear a les v\u00edctimes. Defensar qui defensa el di\u00e0leg mai, mai pot ser titllat de sectari. Defensar l\u2019alliberament de qui defensa aquests valors mai, mai pot ser titllat d\u2019enaltiment del&#8230;<\/p>\n","protected":false},"author":2,"featured_media":0,"comment_status":"open","ping_status":"open","sticky":false,"template":"","format":"standard","meta":{"footnotes":""},"categories":[26],"tags":[],"class_list":["post-1323","post","type-post","status-publish","format-standard","hentry","category-uncategorized"],"_links":{"self":[{"href":"https:\/\/www.blocdelsabat.cat\/index.php?rest_route=\/wp\/v2\/posts\/1323","targetHints":{"allow":["GET"]}}],"collection":[{"href":"https:\/\/www.blocdelsabat.cat\/index.php?rest_route=\/wp\/v2\/posts"}],"about":[{"href":"https:\/\/www.blocdelsabat.cat\/index.php?rest_route=\/wp\/v2\/types\/post"}],"author":[{"embeddable":true,"href":"https:\/\/www.blocdelsabat.cat\/index.php?rest_route=\/wp\/v2\/users\/2"}],"replies":[{"embeddable":true,"href":"https:\/\/www.blocdelsabat.cat\/index.php?rest_route=%2Fwp%2Fv2%2Fcomments&post=1323"}],"version-history":[{"count":0,"href":"https:\/\/www.blocdelsabat.cat\/index.php?rest_route=\/wp\/v2\/posts\/1323\/revisions"}],"wp:attachment":[{"href":"https:\/\/www.blocdelsabat.cat\/index.php?rest_route=%2Fwp%2Fv2%2Fmedia&parent=1323"}],"wp:term":[{"taxonomy":"category","embeddable":true,"href":"https:\/\/www.blocdelsabat.cat\/index.php?rest_route=%2Fwp%2Fv2%2Fcategories&post=1323"},{"taxonomy":"post_tag","embeddable":true,"href":"https:\/\/www.blocdelsabat.cat\/index.php?rest_route=%2Fwp%2Fv2%2Ftags&post=1323"}],"curies":[{"name":"wp","href":"https:\/\/api.w.org\/{rel}","templated":true}]}}