{"id":133,"date":"2008-04-13T16:49:00","date_gmt":"2008-04-13T16:49:00","guid":{"rendered":"http:\/\/peresabat.wordpress.com\/2008\/04\/13\/personatge-de-la-setmana-carmen-chacon"},"modified":"2008-04-13T16:49:00","modified_gmt":"2008-04-13T16:49:00","slug":"personatge-de-la-setmana-carmen-chacon","status":"publish","type":"post","link":"https:\/\/www.blocdelsabat.cat\/?p=133","title":{"rendered":"Personatge de la setmana: Carmen Chac\u00f3n"},"content":{"rendered":"<p><a href=\"http:\/\/peresabat.files.wordpress.com\/2008\/04\/chacc3a3c2b3n1.jpg\"><img decoding=\"async\" alt=\"\" src=\"http:\/\/peresabat.files.wordpress.com\/2008\/04\/chacc3b3n.jpg?w=200\" border=\"0\" \/><\/a> <span style=\"font-family:arial;font-size:130%;\">Ahir es va saber la composici\u00f3 del nou <em>Gobierno de Espa\u00f1a<\/em> en qu\u00e8 per primer cop hi haur\u00e0 m\u00e9s dones que homes, la veritat \u00e9s que si aquest \u00e9s l\u2019element m\u00e9s destacat del nou <em>Gobierno<\/em> fa sospitar. Per\u00f2 el fet m\u00e9s rellevant, per mi, \u00e9s el ministeri Chac\u00f3n.<\/span><span style=\"font-family:arial;font-size:130%;\"><\/p>\n<div align=\"justify\">Ara es veu que els optimistes s\u00f3n militars, ara es veu que els optimistes s\u00f3n els encarregats d\u2019enviar a morir <em>&#8220;por espa\u00f1a&#8221;<\/em> a milers de soldats a l\u2019Afganistan, molt b\u00e9.<br \/>Chac\u00f3n aterra a la comand\u00e0ncia dels encarregats a defensar per la for\u00e7a de les armes la &#8220;<em>unidad indisoluble de espa\u00f1a&#8221;<\/em> despr\u00e8s d\u2019ocupar el Ministeri espanyol de Propaganda, altrament conegut com de <em>&#8220;la vivienda&#8221;<\/em> i despr\u00e8s d\u2019haver aconseguit 25 diputats en les eleccions del 9 de Mar\u00e7.<\/div>\n<div align=\"justify\">La <em>&#8220;chica de Zapatero&#8221;<\/em> a partir d\u2019ara canviar\u00e0 el puny al\u00e7at del seu avi pel bra\u00e7 aixecat de l\u2019ex\u00e8rcit. La Chac\u00f3n dirigir\u00e0 el Ministeri que mant\u00e9 l\u2019escut feixista al cap damunt de Capitania General a Barcelona, Chac\u00f3n ocupar\u00e0 el Ministeri que ha imposat la bandera de Franco al Castell de Montju\u00efc, Chac\u00f3n ocupar\u00e0 el Ministeri que com avui deia el diari oficial del PScE, \u00e0lies el Peri\u00f2dico, Chac\u00f3n dirigir\u00e0 el m\u00e0xim s\u00edmbol d\u2019espanyolitat. <\/div>\n<div align=\"justify\">Chac\u00f3n va afirmar durant la campanya que servir\u00e0 a Catalunya, que el PScE es far\u00e0 sentir, aix\u00f2 segur que si, cada can\u00f3, cada bala de la Guardia Civil, cada tanc mobilitzat, cada helic\u00f2pter que s\u2019enlairi faran sentir el PScE arreu.<br \/>Chac\u00f3n tamb\u00e9 va dir que els socialistes espanyols a Catalunya serien \u00fatils. Molt b\u00e9. Realment \u00e9s molt \u00fatil per Catalunya tenir una Ministre de defensa, sobretot perqu\u00e8, si com deia aquell, el <em>Gobierno de Espa\u00f1a<\/em> ha de bombardejar Barcelona cada 50 anys, el pla de batalla el podr\u00e0 fer ella soleta.<br \/><\/span><\/div>\n<div class=\"blogger-post-footer\"><img width='1' height='1' src='https:\/\/blogger.googleusercontent.com\/tracker\/2467933452740288616-6321022672666992661?l=peresabat.blogspot.com' alt='' \/><\/div>\n","protected":false},"excerpt":{"rendered":"<p>Ahir es va saber la composici\u00f3 del nou Gobierno de Espa\u00f1a en qu\u00e8 per primer cop hi haur\u00e0 m\u00e9s dones que homes, la veritat \u00e9s que si aquest \u00e9s l\u2019element m\u00e9s destacat del nou Gobierno fa sospitar. Per\u00f2 el fet m\u00e9s rellevant, per mi, \u00e9s el ministeri Chac\u00f3n. Ara es veu que els optimistes s\u00f3n&#8230;<\/p>\n","protected":false},"author":2,"featured_media":0,"comment_status":"open","ping_status":"open","sticky":false,"template":"","format":"standard","meta":{"footnotes":""},"categories":[26],"tags":[],"class_list":["post-133","post","type-post","status-publish","format-standard","hentry","category-uncategorized"],"_links":{"self":[{"href":"https:\/\/www.blocdelsabat.cat\/index.php?rest_route=\/wp\/v2\/posts\/133","targetHints":{"allow":["GET"]}}],"collection":[{"href":"https:\/\/www.blocdelsabat.cat\/index.php?rest_route=\/wp\/v2\/posts"}],"about":[{"href":"https:\/\/www.blocdelsabat.cat\/index.php?rest_route=\/wp\/v2\/types\/post"}],"author":[{"embeddable":true,"href":"https:\/\/www.blocdelsabat.cat\/index.php?rest_route=\/wp\/v2\/users\/2"}],"replies":[{"embeddable":true,"href":"https:\/\/www.blocdelsabat.cat\/index.php?rest_route=%2Fwp%2Fv2%2Fcomments&post=133"}],"version-history":[{"count":0,"href":"https:\/\/www.blocdelsabat.cat\/index.php?rest_route=\/wp\/v2\/posts\/133\/revisions"}],"wp:attachment":[{"href":"https:\/\/www.blocdelsabat.cat\/index.php?rest_route=%2Fwp%2Fv2%2Fmedia&parent=133"}],"wp:term":[{"taxonomy":"category","embeddable":true,"href":"https:\/\/www.blocdelsabat.cat\/index.php?rest_route=%2Fwp%2Fv2%2Fcategories&post=133"},{"taxonomy":"post_tag","embeddable":true,"href":"https:\/\/www.blocdelsabat.cat\/index.php?rest_route=%2Fwp%2Fv2%2Ftags&post=133"}],"curies":[{"name":"wp","href":"https:\/\/api.w.org\/{rel}","templated":true}]}}