{"id":1330,"date":"2012-04-29T17:27:00","date_gmt":"2012-04-29T17:27:00","guid":{"rendered":"http:\/\/peresabat.wordpress.com\/2012\/04\/29\/marato-contra-la-pobresa"},"modified":"2012-04-29T17:27:00","modified_gmt":"2012-04-29T17:27:00","slug":"marato-contra-la-pobresa","status":"publish","type":"post","link":"https:\/\/www.blocdelsabat.cat\/?p=1330","title":{"rendered":"Marat\u00f3 Contra la Pobresa?"},"content":{"rendered":"<p><\/p>\n<div class=\"MsoNormal\"><a href=\"http:\/\/peresabat.files.wordpress.com\/2012\/04\/marato_pobresa1.jpg\" style=\"clear:left;float:left;margin-bottom:1em;margin-right:1em;\"><img loading=\"lazy\" decoding=\"async\" border=\"0\" height=\"320\" src=\"http:\/\/peresabat.files.wordpress.com\/2012\/04\/marato_pobresa1.jpg?w=212\" width=\"226\" \/><\/a><span lang=\"CA\"><span style=\"font-family:Arial, Helvetica, sans-serif;\">Ja hi ha data: el 27 de maig. S\u00ed, aquest dia els catalans una vegada m\u00e9s farem gala de la nostra solidaritat i ens bolcarem amb una Marat\u00f3 a TV3. No tractar\u00e0 cap malaltia, sin\u00f3 que ser\u00e0 contra la pobresa.&nbsp;<\/span><\/span><\/div>\n<div class=\"MsoNormal\"><span lang=\"CA\"><span style=\"font-family:Arial, Helvetica, sans-serif;\"><br \/><\/span><\/span><\/div>\n<div class=\"MsoNormal\"><span lang=\"CA\"><span style=\"font-family:Arial, Helvetica, sans-serif;\">Ajudar amb el que sigui \u00e9s bo, positiu i necessari, i per tant la Marat\u00f3 contra la pobresa \u00e9s escaient. Ara b\u00e9, s\u00f3n aquest tipus d\u2019accions les que ha de fer el govern de la Generalitat? La crisi social que estem patint s\u2019ha de resoldre a partir de maratons on els mateixos ciutadans participin finan\u00e7ant la soluci\u00f3? Molt b\u00e9 que es visualitzi durant 13 hores de televisi\u00f3 un fet com el que \u00e9s que cada vegada s\u00f3n m\u00e9s fam\u00edlies les que es veuen abocades a la pobresa, molt b\u00e9, per\u00f2 amb \u2018maratons\u2019 no solucionem res.&nbsp;<\/span><\/span><\/div>\n<div class=\"MsoNormal\"><span lang=\"CA\"><span style=\"font-family:Arial, Helvetica, sans-serif;\"><br \/><\/span><\/span><\/div>\n<div class=\"MsoNormal\"><span lang=\"CA\"><span style=\"font-family:Arial, Helvetica, sans-serif;\">No \u00e9s amb caritat puntual de mala consci\u00e8ncia presidencial que es posar\u00e0 fi a la crisi social que patim sin\u00f3 amb un sistema solidari, ja que no es tracta de fer-se perdonar un dia sin\u00f3 treballar per fer possible que tothom avanci amb les mateixes oportunitats. I aix\u00f2 s\u2019aconsegueix amb la redistribuci\u00f3 de la riquesa com a garantia on tothom pugui desenvolupar-se.&nbsp;<\/span><\/span><\/div>\n<div class=\"MsoNormal\"><span lang=\"CA\"><span style=\"font-family:Arial, Helvetica, sans-serif;\"><br \/><\/span><\/span><\/div>\n<div class=\"MsoNormal\"><span lang=\"CA\"><span style=\"font-family:Arial, Helvetica, sans-serif;\">En definitiva, el govern el que ha de fer \u00e9s una pol\u00edtica fiscal progressiva i augmentar els impostos als que m\u00e9s tenen per no condemnar ning\u00fa a la pobresa. Potser aix\u00ed no caldria fer Maratons contra la pobresa. Per\u00f2 \u00e9s clar, ni l\u2019Al\u00edcia ni l\u2019Artur hi estan disposats.<\/span><\/span><\/div>\n<div class=\"MsoNormal\"><span lang=\"CA\"><span style=\"font-family:Arial, Helvetica, sans-serif;\"><br \/><\/span><\/span><\/div>\n<div class=\"MsoNormal\"><span lang=\"CA\"><span style=\"font-family:Arial, Helvetica, sans-serif;\">article publicat a &#8220;El 3 de Vuit&#8221;<\/span><\/span><\/div>\n<div class=\"blogger-post-footer\"><img width='1' height='1' src='https:\/\/blogger.googleusercontent.com\/tracker\/2467933452740288616-5361216963109197758?l=peresabat.blogspot.com' alt='' \/><\/div>\n","protected":false},"excerpt":{"rendered":"<p>Ja hi ha data: el 27 de maig. S\u00ed, aquest dia els catalans una vegada m\u00e9s farem gala de la nostra solidaritat i ens bolcarem amb una Marat\u00f3 a TV3. No tractar\u00e0 cap malaltia, sin\u00f3 que ser\u00e0 contra la pobresa.&nbsp; Ajudar amb el que sigui \u00e9s bo, positiu i necessari, i per tant la Marat\u00f3&#8230;<\/p>\n","protected":false},"author":2,"featured_media":0,"comment_status":"open","ping_status":"open","sticky":false,"template":"","format":"standard","meta":{"footnotes":""},"categories":[26],"tags":[],"class_list":["post-1330","post","type-post","status-publish","format-standard","hentry","category-uncategorized"],"_links":{"self":[{"href":"https:\/\/www.blocdelsabat.cat\/index.php?rest_route=\/wp\/v2\/posts\/1330","targetHints":{"allow":["GET"]}}],"collection":[{"href":"https:\/\/www.blocdelsabat.cat\/index.php?rest_route=\/wp\/v2\/posts"}],"about":[{"href":"https:\/\/www.blocdelsabat.cat\/index.php?rest_route=\/wp\/v2\/types\/post"}],"author":[{"embeddable":true,"href":"https:\/\/www.blocdelsabat.cat\/index.php?rest_route=\/wp\/v2\/users\/2"}],"replies":[{"embeddable":true,"href":"https:\/\/www.blocdelsabat.cat\/index.php?rest_route=%2Fwp%2Fv2%2Fcomments&post=1330"}],"version-history":[{"count":0,"href":"https:\/\/www.blocdelsabat.cat\/index.php?rest_route=\/wp\/v2\/posts\/1330\/revisions"}],"wp:attachment":[{"href":"https:\/\/www.blocdelsabat.cat\/index.php?rest_route=%2Fwp%2Fv2%2Fmedia&parent=1330"}],"wp:term":[{"taxonomy":"category","embeddable":true,"href":"https:\/\/www.blocdelsabat.cat\/index.php?rest_route=%2Fwp%2Fv2%2Fcategories&post=1330"},{"taxonomy":"post_tag","embeddable":true,"href":"https:\/\/www.blocdelsabat.cat\/index.php?rest_route=%2Fwp%2Fv2%2Ftags&post=1330"}],"curies":[{"name":"wp","href":"https:\/\/api.w.org\/{rel}","templated":true}]}}