{"id":134,"date":"2008-04-14T15:43:00","date_gmt":"2008-04-14T15:43:00","guid":{"rendered":"http:\/\/peresabat.wordpress.com\/2008\/04\/14\/14-dabril"},"modified":"2008-04-14T15:43:00","modified_gmt":"2008-04-14T15:43:00","slug":"14-dabril","status":"publish","type":"post","link":"https:\/\/www.blocdelsabat.cat\/?p=134","title":{"rendered":"14 d&#8217;Abril"},"content":{"rendered":"<div align=\"justify\"><a href=\"http:\/\/peresabat.files.wordpress.com\/2008\/04\/proclamacic383c2b3repc383c2bablica1.jpg\"><img decoding=\"async\" alt=\"\" src=\"http:\/\/peresabat.files.wordpress.com\/2008\/04\/proclamacic3b3repc3bablica.jpg?w=300\" border=\"0\" \/><\/a> <span style=\"font-family:arial;font-size:130%;\">Avui \u00e9s 14 d\u2019Abril i ja en fa 77 anys. El 14 d\u2019Abril quedar\u00e0 marcat per sempre m\u00e9s en la mem\u00f2ria dels catalans. El 14 d\u2019Abril de 1931 en la majestuosa Pla\u00e7a de Sant Jaume, Francesc Maci\u00e0 va proclamar la Rep\u00fablica Catalana.<\/span><span style=\"font-family:arial;font-size:130%;\"><br \/><\/span><\/div>\n<div style=\"font-family:arial;\" align=\"justify\"><span style=\"font-size:130%;\"><br \/>Avui hem de recordar tot el que va significar aquell canvi. La Rep\u00fablica va significar un canvi de mentalitat des del punt de vista social, nacional i econ\u00f2mic, la Rep\u00fablica va significar aire fresc, la Rep\u00fablica va significar l\u2019inici del que havia de ser una nova i il\u00b7lusionant etapa, per\u00f2 que no ho va acabar de ser per errors propis i no propis. <\/span><\/div>\n<p><span style=\"font-family:arial;font-size:130%;\"><br \/><\/span><\/p>\n<div style=\"font-family:arial;\" align=\"justify\"><span style=\"font-size:130%;\">Avui per\u00f2, \u00e9s un bon dia per recordar com va comen\u00e7ar tot. Tot va comen\u00e7ar amb el brillant discurs del President Maci\u00e0, en aquell \u00e8pic moment que la hist\u00f2ria li havia reservat, el moment de culminar el projecte de la seva vida, el moment de la llibertat del seu pa\u00eds, el moment de la Proclamaci\u00f3 de la Rep\u00fablica de Catalunya:<br \/><\/span><\/div>\n<div style=\"font-family:arial;\" align=\"justify\"><span style=\"font-size:130%;\"><em>Catalans : <\/em><\/span><\/div>\n<p><span style=\"font-family:arial;font-size:130%;\"><em><\/em><\/span><\/p>\n<div style=\"font-family:arial;\" align=\"justify\"><span style=\"font-size:130%;\"><em><br \/>Interpretant el sentiment i els anhels del poble que ens acaba de donar el seu sufragi, proclamo la Rep\u00fablica Catalana com Estat integrant de la Federaci\u00f3 ib\u00e8rica. <\/em><\/span><\/div>\n<div style=\"font-family:arial;\" align=\"justify\"><span style=\"font-size:130%;\"><em><br \/>D&#8217;acord amb el President de la Rep\u00fablica federal espanyola, senyor Nicet Alcal\u00e1 Zamora, amb el qual hem ratificat els acords presos en el pacte de Sant Sebasti\u00e0, em faig c\u00e0rrec provisionalment de les funcions de President del Govern de Catalunya, esperant que el poble espanyol i el catal\u00e0 expressaran quina \u00e9s en aquests moments llur voluntat. <\/em><\/span><\/div>\n<div style=\"font-family:arial;\" align=\"justify\"><span style=\"font-size:130%;\"><em><br \/>En fer aquesta proclamaci\u00f3, amb el cor obert a totes les esperances, ens conjurem i demanem a tots els ciutadans de Catalunya que es conjurin amb nosaltres per a fer-la prevaler pels mitjans que siguin, encara que calgu\u00e9s arribar al sacrifici de la pr\u00f2pia vida.<br \/>Tot aquell, doncs, que pertorbi l&#8217;ordre de la naixent Rep\u00fablica Catalana, ser\u00e0 considerat com un agent provocador i com un tra\u00efdor a la P\u00e0tria. <\/em><\/span><\/div>\n<p><span style=\"font-family:arial;font-size:130%;\"><em><br \/><\/em><\/span><\/p>\n<div style=\"font-family:arial;\" align=\"justify\"><span style=\"font-size:130%;\"><em>Esperem que tots sabreu fer-vos dignes de la llibertat que ens hem donat i de la just\u00edcia que, amb l&#8217;ajut de tots, anem a establir. Ens apoiem sobre coses immortals com s\u00f3n els drets dels homes i dels pobles i, morint i tot si calgu\u00e9s, no podem perdre. <\/em><\/span><\/div>\n<div style=\"font-family:arial;\" align=\"justify\"><span style=\"font-size:130%;\"><em><br \/>En proclamar la nostra Rep\u00fablica, fem arribar la nostra veu a tots el pobles d&#8217;Espanya i del m\u00f3n, demanant-los que estiguin al nostre costat i enfront de la monarquia borb\u00f2nica que hem abatut, i els oferim aportar-los tot el nostre esfor\u00e7 i tota l&#8217;emoci\u00f3 del nostre poble renaixent per afermar la pau internacional. <\/em><\/span><\/div>\n<div style=\"font-family:arial;\" align=\"justify\"><span style=\"font-size:130%;\"><em><br \/>Per Catalunya, pels altres pobles germans d&#8217;Espanya, per la fraternitat de tots els homes i de tots els pobles, Catalans, sapigueu fer-vos dignes de Catalunya. <\/em><br \/><\/span><\/div>\n<div style=\"font-family:arial;\" align=\"justify\"><span style=\"font-size:130%;\">Visca la Rep\u00fablica, Visca el President Maci\u00e0 i Visca Catalunya!<\/span><\/div>\n<div align=\"justify\"><\/div>\n<div class=\"blogger-post-footer\"><img width='1' height='1' src='https:\/\/blogger.googleusercontent.com\/tracker\/2467933452740288616-3464894930718072246?l=peresabat.blogspot.com' alt='' \/><\/div>\n","protected":false},"excerpt":{"rendered":"<p>Avui \u00e9s 14 d\u2019Abril i ja en fa 77 anys. El 14 d\u2019Abril quedar\u00e0 marcat per sempre m\u00e9s en la mem\u00f2ria dels catalans. El 14 d\u2019Abril de 1931 en la majestuosa Pla\u00e7a de Sant Jaume, Francesc Maci\u00e0 va proclamar la Rep\u00fablica Catalana. Avui hem de recordar tot el que va significar aquell canvi. La Rep\u00fablica&#8230;<\/p>\n","protected":false},"author":2,"featured_media":0,"comment_status":"open","ping_status":"open","sticky":false,"template":"","format":"standard","meta":{"footnotes":""},"categories":[26],"tags":[],"class_list":["post-134","post","type-post","status-publish","format-standard","hentry","category-uncategorized"],"_links":{"self":[{"href":"https:\/\/www.blocdelsabat.cat\/index.php?rest_route=\/wp\/v2\/posts\/134","targetHints":{"allow":["GET"]}}],"collection":[{"href":"https:\/\/www.blocdelsabat.cat\/index.php?rest_route=\/wp\/v2\/posts"}],"about":[{"href":"https:\/\/www.blocdelsabat.cat\/index.php?rest_route=\/wp\/v2\/types\/post"}],"author":[{"embeddable":true,"href":"https:\/\/www.blocdelsabat.cat\/index.php?rest_route=\/wp\/v2\/users\/2"}],"replies":[{"embeddable":true,"href":"https:\/\/www.blocdelsabat.cat\/index.php?rest_route=%2Fwp%2Fv2%2Fcomments&post=134"}],"version-history":[{"count":0,"href":"https:\/\/www.blocdelsabat.cat\/index.php?rest_route=\/wp\/v2\/posts\/134\/revisions"}],"wp:attachment":[{"href":"https:\/\/www.blocdelsabat.cat\/index.php?rest_route=%2Fwp%2Fv2%2Fmedia&parent=134"}],"wp:term":[{"taxonomy":"category","embeddable":true,"href":"https:\/\/www.blocdelsabat.cat\/index.php?rest_route=%2Fwp%2Fv2%2Fcategories&post=134"},{"taxonomy":"post_tag","embeddable":true,"href":"https:\/\/www.blocdelsabat.cat\/index.php?rest_route=%2Fwp%2Fv2%2Ftags&post=134"}],"curies":[{"name":"wp","href":"https:\/\/api.w.org\/{rel}","templated":true}]}}