{"id":158,"date":"2008-04-28T16:22:00","date_gmt":"2008-04-28T16:22:00","guid":{"rendered":"http:\/\/peresabat.wordpress.com\/2008\/04\/28\/despres-de-laval-el-vot"},"modified":"2008-04-28T16:22:00","modified_gmt":"2008-04-28T16:22:00","slug":"despres-de-laval-el-vot","status":"publish","type":"post","link":"https:\/\/www.blocdelsabat.cat\/?p=158","title":{"rendered":"Despr\u00e8s de l&#8217;aval, el vot"},"content":{"rendered":"<div align=\"justify\"><a href=\"http:\/\/peresabat.files.wordpress.com\/2008\/04\/ei3.jpg\"><img decoding=\"async\" alt=\"\" src=\"http:\/\/peresabat.files.wordpress.com\/2008\/04\/ei3.jpg?w=240\" border=\"0\" \/><\/a> <span style=\"font-family:arial;font-size:130%;\">Fa uns dies vaig escriure que havia firmat l\u2019aval de la candidatura de l\u2019Uriel Bertran com a Secretari General d\u2019Esquerra, ara tamb\u00e9 dic que el votar\u00e9, i ho far\u00e9 per diversos motius. Aquests per\u00f2 no els escric jo, sin\u00f3 altres persones.<\/span><span style=\"font-family:arial;font-size:130%;\"><\/div>\n<p align=\"justify\">-Sempre ha cregut que \u00e9s en els moments dif\u00edcils quan un s\u2019ha de comprometre i donar la cara. I Esquerra, com tots sabeu, no est\u00e0 en un moment f\u00e0cil. Comprom\u00eds \u00e9s responsabilitat. I responsabilitat vol dir no inhibir-se si hi ha qui creu que pot aportar el seu bagatge, treball i experi\u00e8ncia en una futura direcci\u00f3 d\u2019Esquerra.\u00c9s per aix\u00f2 que ha decidit fer un pas endavant. Est\u00e0 conven\u00e7ut que hem de mirar endavant i superar les pugnes fratricides. Sumar. Aquest \u00e9s el seu comprom\u00eds: treballar per una direcci\u00f3 forta d\u2019Esquerra, que arrisqui i que treballi sense donar cops de volant. Que abanderi el partit d\u2019una manera seriosa, rigorosa i amb empenta per tal que Esquerra segueixi liderant i marcant l\u2019agenda pol\u00edtica del pa\u00eds.<\/p>\n<p>-Hem de fer que l\u2019independentisme revisi la seva aposta estrat\u00e8gica per la via federalista com a estaci\u00f3 de pas cap a la independ\u00e8ncia. En conseq\u00fc\u00e8ncia, s\u2019ha de proposar dissenyar una estrat\u00e8gia per a la creaci\u00f3 d\u2019un Estat catal\u00e0 independent a mitj\u00e0 termini, amb la participaci\u00f3 de tots els sectors de la societat civil que opten clarament per la sobirania de Catalunya. ERC ha d\u2019impulsar i liderar aquest proc\u00e9s. <\/p>\n<p align=\"justify\">-Sempre he pensat que ell \u00e9s el pol\u00edtic amb un sentit m\u00e9s pr\u00e0ctic de la pol\u00edtica que mai he conegut, perqu\u00e8 l\u2019ha concebuda com un instrument per al benestar de les persones, com un factor de resoluci\u00f3 de problemes i canalitzaci\u00f3 de projectes i no pas com un \u00e0mbit permanent de confrontaci\u00f3 o discrep\u00e0ncia. I tamb\u00e9 \u00e9s el m\u00e9s responsable. Arreu on ha estat s\u2019hi ha abocat amb cos i \u00e0nima i ho ha fet rutllar tot, amb efic\u00e0cia, gr\u00e0cies a una dedicaci\u00f3 entusiasta i a una preparaci\u00f3 espec\u00edfica sobre els temes.<\/p>\n<p align=\"justify\">-Per tot aix\u00f2 i m\u00e9s, \u00e9s la persona adequada per presidir la nova ERC, l\u2019ERC responsable, l\u2019ERC moderna, l\u2019ERC oberta, l\u2019ERC amb m\u00e9s futur. \u00c9s per aix\u00f2 que t\u00e9 la meva confian\u00e7a personal i pol\u00edtica. \u00c9s per aix\u00f2 que el votar\u00e9.<\/p>\n<p align=\"justify\">S\u00ed, \u00e9s per tot aix\u00f2 que votar\u00e9 Uriel Bertran com a Secretari General d\u2019Esquerra en les prim\u00e0ries del 7 de Juny.<\/span><\/p>\n<div class=\"blogger-post-footer\"><img width='1' height='1' src='https:\/\/blogger.googleusercontent.com\/tracker\/2467933452740288616-7004218211283304036?l=peresabat.blogspot.com' alt='' \/><\/div>\n","protected":false},"excerpt":{"rendered":"<p>Fa uns dies vaig escriure que havia firmat l\u2019aval de la candidatura de l\u2019Uriel Bertran com a Secretari General d\u2019Esquerra, ara tamb\u00e9 dic que el votar\u00e9, i ho far\u00e9 per diversos motius. Aquests per\u00f2 no els escric jo, sin\u00f3 altres persones. -Sempre ha cregut que \u00e9s en els moments dif\u00edcils quan un s\u2019ha de comprometre&#8230;<\/p>\n","protected":false},"author":2,"featured_media":0,"comment_status":"open","ping_status":"open","sticky":false,"template":"","format":"standard","meta":{"footnotes":""},"categories":[26],"tags":[],"class_list":["post-158","post","type-post","status-publish","format-standard","hentry","category-uncategorized"],"_links":{"self":[{"href":"https:\/\/www.blocdelsabat.cat\/index.php?rest_route=\/wp\/v2\/posts\/158","targetHints":{"allow":["GET"]}}],"collection":[{"href":"https:\/\/www.blocdelsabat.cat\/index.php?rest_route=\/wp\/v2\/posts"}],"about":[{"href":"https:\/\/www.blocdelsabat.cat\/index.php?rest_route=\/wp\/v2\/types\/post"}],"author":[{"embeddable":true,"href":"https:\/\/www.blocdelsabat.cat\/index.php?rest_route=\/wp\/v2\/users\/2"}],"replies":[{"embeddable":true,"href":"https:\/\/www.blocdelsabat.cat\/index.php?rest_route=%2Fwp%2Fv2%2Fcomments&post=158"}],"version-history":[{"count":0,"href":"https:\/\/www.blocdelsabat.cat\/index.php?rest_route=\/wp\/v2\/posts\/158\/revisions"}],"wp:attachment":[{"href":"https:\/\/www.blocdelsabat.cat\/index.php?rest_route=%2Fwp%2Fv2%2Fmedia&parent=158"}],"wp:term":[{"taxonomy":"category","embeddable":true,"href":"https:\/\/www.blocdelsabat.cat\/index.php?rest_route=%2Fwp%2Fv2%2Fcategories&post=158"},{"taxonomy":"post_tag","embeddable":true,"href":"https:\/\/www.blocdelsabat.cat\/index.php?rest_route=%2Fwp%2Fv2%2Ftags&post=158"}],"curies":[{"name":"wp","href":"https:\/\/api.w.org\/{rel}","templated":true}]}}