{"id":160,"date":"2008-04-30T15:51:00","date_gmt":"2008-04-30T15:51:00","guid":{"rendered":"http:\/\/peresabat.wordpress.com\/2008\/04\/30\/cal-un-nou-cicle-al-barca"},"modified":"2008-04-30T15:51:00","modified_gmt":"2008-04-30T15:51:00","slug":"cal-un-nou-cicle-al-barca","status":"publish","type":"post","link":"https:\/\/www.blocdelsabat.cat\/?p=160","title":{"rendered":"Cal un nou cicle al Bar\u00e7a"},"content":{"rendered":"<div align=\"justify\"><a href=\"http:\/\/peresabat.files.wordpress.com\/2008\/04\/escut1.jpg\"><img decoding=\"async\" alt=\"\" src=\"http:\/\/peresabat.files.wordpress.com\/2008\/04\/escut1.jpg?w=297\" border=\"0\" \/><\/a> <span style=\"font-family:arial;font-size:130%;\">Catalunya est\u00e0 en crisi, per si no ens n\u2019hav\u00edem adonat ahir en vam tenir una nova demostraci\u00f3. Dels tres pilars que aguanten el pa\u00eds dos estan en profunda crisi, nom\u00e9s el Club S\u00faper 3 aguanta la sacsejada. D\u2019Esquerra prou se n\u2019ha parlat i m\u00e9s que se\u2019n parlar\u00e0 i el Bar\u00e7a ahir va afegir-se al corrent de catarsi de manera clara i fins al fons del pou. Tant Esquerra com el Bar\u00e7a necessiten reflexionar a profunditat sobre els motius que els han portat a aquesta situaci\u00f3 sense sortida, Esquerra no t\u00e9 gaire temps, i el Bar\u00e7a menys, el Bar\u00e7a no pot esperar.<\/span><span style=\"font-family:arial;font-size:130%;\"><\/div>\n<div align=\"justify\">Ahir es va acabar un somni, l\u2019\u00faltim fil que quedava. Ahir va acabar-se la il\u00b7lusi\u00f3. Ahir va morir l\u2019esperan\u00e7a.<\/div>\n<div align=\"justify\">Tan sols van ser necessaris 14 minuts per ensorrar un equip que nedava desesperat en busca d\u2019un miracle que no va apar\u00e8ixer.<br \/>Ahir va ser l\u2019\u00faltima funci\u00f3 d\u2019un grup genial, espectacular, brutal, que s\u2019ha deixat perdre tot just quan va arribar a la gl\u00f2ria m\u00e0xima de Par\u00eds. Ahir va ser el final d\u2019un cicle que ha aportat al Bar\u00e7a tres anys d\u2019\u00e8xits espectaculars, un cicle que ha aportat al futbol un model modern de gesti\u00f3 i que ha demostrat que tamb\u00e9 es pot guanyar jugant b\u00e9.<\/div>\n<div align=\"justify\">Per\u00f2 com tot en la vida, no es pot viure del passat, no \u00e9s suficient, i el Bar\u00e7a fa massa temps que viu del record d\u2019aquell equip que va il\u00b7luminar el m\u00f3n sencer amb un joc cinc estrelles, de qualitat, m\u00e0gic. Ara ja no.<br \/>El Bar\u00e7a es va fer gran quan la for\u00e7a, les ganes, la convicci\u00f3 de guanyar, quan el comprom\u00eds, l\u2019empenta, la intel\u00b7lig\u00e8ncia, la concentraci\u00f3 i la il\u00b7lusi\u00f3 eren els valors que donaven forma a l\u2019ADN de l\u2019equip. Ara aquests valors brillen per la seva abs\u00e8ncia.<\/div>\n<div align=\"justify\">Cal un nou cicle al Bar\u00e7a, els que diuen que no ho defensen dient que hi ha jugadors que encara poden donar dies de gl\u00f3ria al club. \u00c9s clar que hi ha jugadors joves a la plantilla que continuaran a l\u2019equip, Iniesta, Tour\u00e9, Messi i Bojan han de ser peces indispensables per aquest nou cicle que juntament amb els Vald\u00e8s, Puyol,, Xavi, Milito i altres han de configurar el nou equip blaugrana, per\u00f2 \u00e9s indiscutible que cal un nou impuls dirigit sobretot en termes de valors. Esfor\u00e7, comprom\u00eds, lluita i disciplina han de ser peces fonamentals per aquest nou cicle. El Bar\u00e7a ha d\u2019iniciar un nou cicle carregat d\u2019il\u00b7lusi\u00f3. Un nou cicle per tornar a construir aquest Bar\u00e7a campi\u00f3, capa\u00e7 de tornar a jugar velo\u00e7ment, capa\u00e7 en definitiva de guanyar.<\/div>\n<div align=\"justify\">El Bar\u00e7a pot, el Bar\u00e7a ha, de reinventar-se un cop m\u00e9s. La filosofia \u00e9s clara, la recepta no tant. Cares noves, nous valors, tornar a treballar, una mica de mala llet i il\u00b7lusi\u00f3 al camp es perfilen com les m\u00e9s recomanades. <\/div>\n<div align=\"justify\">Ara s\u2019ha d\u2019intentar acabar com m\u00e9s dignament es pugui la Lliga, ser segon seria genial, i sobretot continuar treballant perqu\u00e8 l\u2019any que b\u00e9 no ens passi el mateix. <\/div>\n<div align=\"justify\">El Bar\u00e7a \u00e9s gran, el Bar\u00e7a \u00e9s m\u00e9s que un club, i ara ho ha de demostrar.<br \/><\/span><\/div>\n<div class=\"blogger-post-footer\"><img width='1' height='1' src='https:\/\/blogger.googleusercontent.com\/tracker\/2467933452740288616-826009583021795178?l=peresabat.blogspot.com' alt='' \/><\/div>\n","protected":false},"excerpt":{"rendered":"<p>Catalunya est\u00e0 en crisi, per si no ens n\u2019hav\u00edem adonat ahir en vam tenir una nova demostraci\u00f3. Dels tres pilars que aguanten el pa\u00eds dos estan en profunda crisi, nom\u00e9s el Club S\u00faper 3 aguanta la sacsejada. D\u2019Esquerra prou se n\u2019ha parlat i m\u00e9s que se\u2019n parlar\u00e0 i el Bar\u00e7a ahir va afegir-se al corrent&#8230;<\/p>\n","protected":false},"author":2,"featured_media":0,"comment_status":"open","ping_status":"open","sticky":false,"template":"","format":"standard","meta":{"footnotes":""},"categories":[26],"tags":[],"class_list":["post-160","post","type-post","status-publish","format-standard","hentry","category-uncategorized"],"_links":{"self":[{"href":"https:\/\/www.blocdelsabat.cat\/index.php?rest_route=\/wp\/v2\/posts\/160","targetHints":{"allow":["GET"]}}],"collection":[{"href":"https:\/\/www.blocdelsabat.cat\/index.php?rest_route=\/wp\/v2\/posts"}],"about":[{"href":"https:\/\/www.blocdelsabat.cat\/index.php?rest_route=\/wp\/v2\/types\/post"}],"author":[{"embeddable":true,"href":"https:\/\/www.blocdelsabat.cat\/index.php?rest_route=\/wp\/v2\/users\/2"}],"replies":[{"embeddable":true,"href":"https:\/\/www.blocdelsabat.cat\/index.php?rest_route=%2Fwp%2Fv2%2Fcomments&post=160"}],"version-history":[{"count":0,"href":"https:\/\/www.blocdelsabat.cat\/index.php?rest_route=\/wp\/v2\/posts\/160\/revisions"}],"wp:attachment":[{"href":"https:\/\/www.blocdelsabat.cat\/index.php?rest_route=%2Fwp%2Fv2%2Fmedia&parent=160"}],"wp:term":[{"taxonomy":"category","embeddable":true,"href":"https:\/\/www.blocdelsabat.cat\/index.php?rest_route=%2Fwp%2Fv2%2Fcategories&post=160"},{"taxonomy":"post_tag","embeddable":true,"href":"https:\/\/www.blocdelsabat.cat\/index.php?rest_route=%2Fwp%2Fv2%2Ftags&post=160"}],"curies":[{"name":"wp","href":"https:\/\/api.w.org\/{rel}","templated":true}]}}