{"id":170,"date":"2008-05-06T16:07:00","date_gmt":"2008-05-06T16:07:00","guid":{"rendered":"http:\/\/peresabat.wordpress.com\/2008\/05\/06\/les-cartes-sobre-la-taula"},"modified":"2008-05-06T16:07:00","modified_gmt":"2008-05-06T16:07:00","slug":"les-cartes-sobre-la-taula","status":"publish","type":"post","link":"https:\/\/www.blocdelsabat.cat\/?p=170","title":{"rendered":"Les cartes sobre la taula"},"content":{"rendered":"<div align=\"justify\"><a href=\"http:\/\/peresabat.files.wordpress.com\/2008\/05\/candidatures-esquerra1.jpg\"><img decoding=\"async\" alt=\"\" src=\"http:\/\/peresabat.files.wordpress.com\/2008\/05\/candidatures-esquerra1.jpg?w=300\" border=\"0\" \/><\/a> <span style=\"font-family:arial;font-size:130%;\">Ahir totes la candidatures que aspiren a liderar Esquerra Republicana a partir de les prim\u00e0ries i del congr\u00e9s del juny van fer oficials el nombre de firmes que avalen la seva candidatura. <\/span><span style=\"font-family:arial;font-size:130%;\"><\/div>\n<div align=\"justify\">La candidatura que m\u00e9s avals ha aconseguit \u00e9s la de Gent d\u2019Esquerra que encap\u00e7ala Joan Puigerc\u00f3s i que t\u00e9 a Joan Ridao com a candidat a Secretari General. Gent d\u2019Esquerra ha aconseguit al voltant de 2,200 signatures a favor d\u2019aquesta opci\u00f3, realment una acci\u00f3 de for\u00e7a que marca m\u00e9s o menys cap on van els tirs en la conclave republicana.<br \/>Puigcerc\u00f3s est\u00e0 recollint els fruits de molts anys de contacte amb el territori i sobretot de tenir tota una xarxa de quadres intermitjos que s\u2019han involucrat molt amb la seva candidatura. De cara al 7 de Juny, crec que Puigcer\u00f3s guanyar\u00e0 les prim\u00e0ries a la Presid\u00e8ncia i que ho far\u00e0 amb un nombre de vots bastant m\u00e9s elevat que dels avals presentats, en canvi crec que Ridao no tindr\u00e0 gaires m\u00e9s vots que aquests 2,200 que l\u2019han avalat. <\/div>\n<div align=\"justify\">En segon lloc es col\u00b7loca Esquerra Independentista que t\u00e9 com a candidat a President Jaume Renyer i com a candidat a Secretari General a Uriel Bertran i que han aconseguit al voltant de 1000 firmes d\u2019avals. EI ha aconseguit situar a Uriel Bertran amb 934 firmes com a segon candidat a Secretari General.<br \/>Amb aquest suport Uriel Bertran se situa com el candidat m\u00e9s capacitat per poder disputar la secretaria general a Joan Ridao.<br \/>Esquerra Independentista tot i els auguris interessats d\u2019alg\u00fa ha aconseguit les firmes i a m\u00e9s ho ha fet folgadament, fent un cop de puny sobre la taula i dient clarament que hi ha gent que vol canvis i que no es conforma amb petites operacions d\u2019est\u00e8tica, oferint un projecte clar, engrescador i modern.<\/div>\n<div align=\"justify\">En tercera posici\u00f3 hi ha el Reagrupament.Cat que presenta Joan Carretero i Rut Carandell.<br \/>RCat partia d\u2019una posci\u00f3 de sortida com els abanderats del canvi, per\u00f2 els avals els han deixat per sota d\u2019EI ja que cap dels dos candidats superen el l\u00edder d\u2019Esquerra Independentista.<br \/>RCat, i crec que tenen ra\u00f3, tindr\u00e0 vot ocult o si m\u00e9s no vot que no s\u2019ha volgut comprometre avalant la candidatura, per tant faria b\u00e9 tothom de no menysprear al corrent cr\u00edtic ja que podria ser que alg\u00fa s\u2019emport\u00e9s alguna sorpresa.<\/div>\n<div align=\"justify\">Un darrer lloc se situa ERC Futur, la candidatura avalada per Josep-Llu\u00eds Carod-Rovira i que encap\u00e7alen Ernest Benach i Rafel Niub\u00f3.<br \/>ERC Futur tot i que partia com a candidatura capa\u00e7 de disputar a Gent d\u2019Esquerra el liderat del partit, en una clara voluntat de bipolaritzar les prim\u00e0ries, nom\u00e9s ha presentat 764 signatures per cada candidat tot i que afirmen que en tenen 1480, per\u00f2 que no les presenten fan per protegir la identitat dels signants de cara a unes suposades llistes negres.<\/div>\n<div align=\"justify\">El fet de presentar la meitat de les firmes te\u00f2ricament aconseguides fa una mica de pudor.<br \/>La veritat \u00e9s que la gent de ERC Futur han de ser molt males persones perqu\u00e8 han condemnat al Gulag m\u00e9s de 250 persones! Aquestes 250, 257 concretament, s\u00f3n les firmes de m\u00e9s que han presentat de les estrictament necess\u00e0ries. Com han pogut enviar a aquestes persones a una morta tant segura i dolorosa? <\/div>\n<div align=\"justify\">La veritat \u00e9s que crec que ERC Futur no ha aconseguit m\u00e9s firmes i s\u2019amaguen darrera d\u2019aquesta ombra de la por a Cal\u00e0bria per tal de disfressar el seu frac\u00e0s. \u00c9s m\u00e9s, ERC Futur est\u00e0 duent a terme una campanya en negatiu plena de desqualificacions i de llan\u00e7ament continu d\u2019atacs contra la transpar\u00e8ncia i l\u2019honorabilitat de certs companys de partit. ERC Futur hauria de saber que les campanyes en negatiu normalment s\u2019acaben girant en contra.<\/div>\n<div align=\"justify\">Ara nom\u00e9s s\u2019haur\u00e0 d\u2019esperar la validaci\u00f3 de les signatures, i despr\u00e8s, comen\u00e7ar\u00e0 la campanya.<\/div>\n<div align=\"justify\"><\/span> <\/div>\n<div class=\"blogger-post-footer\"><img width='1' height='1' src='https:\/\/blogger.googleusercontent.com\/tracker\/2467933452740288616-299010518173221983?l=peresabat.blogspot.com' alt='' \/><\/div>\n","protected":false},"excerpt":{"rendered":"<p>Ahir totes la candidatures que aspiren a liderar Esquerra Republicana a partir de les prim\u00e0ries i del congr\u00e9s del juny van fer oficials el nombre de firmes que avalen la seva candidatura. La candidatura que m\u00e9s avals ha aconseguit \u00e9s la de Gent d\u2019Esquerra que encap\u00e7ala Joan Puigerc\u00f3s i que t\u00e9 a Joan Ridao com&#8230;<\/p>\n","protected":false},"author":2,"featured_media":0,"comment_status":"open","ping_status":"open","sticky":false,"template":"","format":"standard","meta":{"footnotes":""},"categories":[26],"tags":[],"class_list":["post-170","post","type-post","status-publish","format-standard","hentry","category-uncategorized"],"_links":{"self":[{"href":"https:\/\/www.blocdelsabat.cat\/index.php?rest_route=\/wp\/v2\/posts\/170","targetHints":{"allow":["GET"]}}],"collection":[{"href":"https:\/\/www.blocdelsabat.cat\/index.php?rest_route=\/wp\/v2\/posts"}],"about":[{"href":"https:\/\/www.blocdelsabat.cat\/index.php?rest_route=\/wp\/v2\/types\/post"}],"author":[{"embeddable":true,"href":"https:\/\/www.blocdelsabat.cat\/index.php?rest_route=\/wp\/v2\/users\/2"}],"replies":[{"embeddable":true,"href":"https:\/\/www.blocdelsabat.cat\/index.php?rest_route=%2Fwp%2Fv2%2Fcomments&post=170"}],"version-history":[{"count":0,"href":"https:\/\/www.blocdelsabat.cat\/index.php?rest_route=\/wp\/v2\/posts\/170\/revisions"}],"wp:attachment":[{"href":"https:\/\/www.blocdelsabat.cat\/index.php?rest_route=%2Fwp%2Fv2%2Fmedia&parent=170"}],"wp:term":[{"taxonomy":"category","embeddable":true,"href":"https:\/\/www.blocdelsabat.cat\/index.php?rest_route=%2Fwp%2Fv2%2Fcategories&post=170"},{"taxonomy":"post_tag","embeddable":true,"href":"https:\/\/www.blocdelsabat.cat\/index.php?rest_route=%2Fwp%2Fv2%2Ftags&post=170"}],"curies":[{"name":"wp","href":"https:\/\/api.w.org\/{rel}","templated":true}]}}