{"id":174,"date":"2008-05-08T16:08:00","date_gmt":"2008-05-08T16:08:00","guid":{"rendered":"http:\/\/peresabat.wordpress.com\/2008\/05\/08\/curant-ferides"},"modified":"2008-05-08T16:08:00","modified_gmt":"2008-05-08T16:08:00","slug":"curant-ferides","status":"publish","type":"post","link":"https:\/\/www.blocdelsabat.cat\/?p=174","title":{"rendered":"Curant ferides"},"content":{"rendered":"<div align=\"justify\"><a href=\"http:\/\/1.bp.blogspot.com\/_kjTqSD8ASz4\/SCMmZsaBieI\/AAAAAAAAAMI\/EvSUZDMyarY\/s1600-h\/el+cl\u00c3 ssic.jpg\"><img decoding=\"async\" alt=\"\" src=\"http:\/\/1.bp.blogspot.com\/_kjTqSD8ASz4\/SCMmZsaBieI\/AAAAAAAAAMI\/EvSUZDMyarY\/s200\/el+cl%C3%A0ssic.jpg\" border=\"0\" \/><\/a> <span style=\"font-family:arial;font-size:130%;\">Davant la humiliaci\u00f3 que vam patir ahir, el psic\u00f2leg m\u2019ha recomanat vivament que recuper\u00e9s emocions i viv\u00e8ncies passades per tal de superar el mal tr\u00e0ngol d\u2019aquests dos anys sense t\u00edtols. Per aquesta ra\u00f3 he llegit aquesta redacci\u00f3, una redacci\u00f3 que vaig fer fa anys en uns temps en qu\u00e8 la il\u00b7lusi\u00f3 general entorn de l\u2019equip era la de l\u2019inici d\u2019un cicle triomfant que ahir va tocar campanades a morts.<\/p>\n<p><em>&#8220;Dissabte a les vuit de la tarda era molt complicat veure alg\u00fa pels carrers, tant de Vilafranca com de qualsevol ciutat del pa\u00eds o de l\u2019estat. La ra\u00f3? Molt senzilla, era el 19 de novembre. A primera vista aquesta data no te res d\u2019especial, tot i ser la vig\u00edlia del 30\u00e9 aniversari de la mort del Dictador feixista espanyol Francisco Franco, per\u00f2 no, la mort del dictador no era la ra\u00f3. La ra\u00f3 era que es jugava l\u2019\u00faltim cl\u00e0ssic de l\u2019any, es jugava el Madrid \u2013Bar\u00e7a.<\/em><\/span><span style=\"font-family:arial;font-size:130%;\"><\/div>\n<div align=\"justify\"><em>Per\u00f2 qu\u00e8 te de diferent aquest partit? Aquest miserable partit de futbol que fa paralitzar a mig pa\u00eds, que fa que depenen del resultat seguidors d\u2019un dels dos b\u00e0ndols no sopin o que milers per no dir milions de persones estiguin enganxades davant el televisor o la radio seguint el que fan o deixen de fer els vint-i-dos elegits al terreny de joc.<\/em><\/div>\n<p><em>De causes del perqu\u00e8 d\u2019aquest partit n\u2019hi ha moltes, des del que pensa que \u00e9s un enfrontament encobert entre Espa\u00f1a i Catalunya o des del que simplement vol veure un bon espectacle. Tamb\u00e9 pot ser que simplement no t\u2019agradi el futbol, per\u00f2 com que sembla un crim no participar d\u2019aquesta febre futbol\u00edstica tothom acaba veien el partit.<br \/>En tot cas de causes n\u2019hi ha tantes com seguidors d\u2019un i altre equip hi ha , ja que tothom te la seva manera de viure\u2019l. <\/em><\/p>\n<p><em>De conseq\u00fc\u00e8ncies tantes com de causes, per\u00f2 aquestes van lligades intr\u00ednsecament al resultat del partit. Dissabte en vam poder veure unes quantes, ja que no es normal que Dissabte a la nit tirant ja cap a Diumenge la rambla de Canaletes estigui inundada de color blaugrana, no es normal que a dos quarts de dues a l\u2019aeroport del Prat hi hagi m\u00e9s d\u2019un miler de persones cantant i cridant tot esperant un avi\u00f3 que torna del pont aeri\u2026 per\u00f2 segons sembla aquests fets ja comencen a ser normals\u2026<\/em><\/p>\n<p><em>Els cl\u00e0ssics cadasc\u00fa els viu d\u2019una manera diferent perqu\u00e8 els sentiments, les emocions que et produeix no s\u00f3n exclusivitat de ning\u00fa, sin\u00f3 que tothom pot gaudir-ne, tant si es blanc, negre alt o baix. <\/em><\/p>\n<p><em>I sens dubte aquesta \u00e9s la grandesa del futbol, i del cl\u00e0ssic.&#8221;<\/em><\/p>\n<p><\/p>\n<div align=\"justify\">El resultat d\u2019aquest partit va ser el memorable 0 a 3 amb l\u2019actuaci\u00f3 estratosf\u00e8rica de Ronaldinho.<\/div>\n<div align=\"justify\"><\/span><\/div>\n<div class=\"blogger-post-footer\"><img width='1' height='1' src='https:\/\/blogger.googleusercontent.com\/tracker\/2467933452740288616-424335162879535470?l=peresabat.blogspot.com' alt='' \/><\/div>\n","protected":false},"excerpt":{"rendered":"<p>Davant la humiliaci\u00f3 que vam patir ahir, el psic\u00f2leg m\u2019ha recomanat vivament que recuper\u00e9s emocions i viv\u00e8ncies passades per tal de superar el mal tr\u00e0ngol d\u2019aquests dos anys sense t\u00edtols. Per aquesta ra\u00f3 he llegit aquesta redacci\u00f3, una redacci\u00f3 que vaig fer fa anys en uns temps en qu\u00e8 la il\u00b7lusi\u00f3 general entorn de l\u2019equip&#8230;<\/p>\n","protected":false},"author":2,"featured_media":0,"comment_status":"open","ping_status":"open","sticky":false,"template":"","format":"standard","meta":{"footnotes":""},"categories":[26],"tags":[],"class_list":["post-174","post","type-post","status-publish","format-standard","hentry","category-uncategorized"],"_links":{"self":[{"href":"https:\/\/www.blocdelsabat.cat\/index.php?rest_route=\/wp\/v2\/posts\/174","targetHints":{"allow":["GET"]}}],"collection":[{"href":"https:\/\/www.blocdelsabat.cat\/index.php?rest_route=\/wp\/v2\/posts"}],"about":[{"href":"https:\/\/www.blocdelsabat.cat\/index.php?rest_route=\/wp\/v2\/types\/post"}],"author":[{"embeddable":true,"href":"https:\/\/www.blocdelsabat.cat\/index.php?rest_route=\/wp\/v2\/users\/2"}],"replies":[{"embeddable":true,"href":"https:\/\/www.blocdelsabat.cat\/index.php?rest_route=%2Fwp%2Fv2%2Fcomments&post=174"}],"version-history":[{"count":0,"href":"https:\/\/www.blocdelsabat.cat\/index.php?rest_route=\/wp\/v2\/posts\/174\/revisions"}],"wp:attachment":[{"href":"https:\/\/www.blocdelsabat.cat\/index.php?rest_route=%2Fwp%2Fv2%2Fmedia&parent=174"}],"wp:term":[{"taxonomy":"category","embeddable":true,"href":"https:\/\/www.blocdelsabat.cat\/index.php?rest_route=%2Fwp%2Fv2%2Fcategories&post=174"},{"taxonomy":"post_tag","embeddable":true,"href":"https:\/\/www.blocdelsabat.cat\/index.php?rest_route=%2Fwp%2Fv2%2Ftags&post=174"}],"curies":[{"name":"wp","href":"https:\/\/api.w.org\/{rel}","templated":true}]}}