{"id":175,"date":"2008-05-09T16:12:00","date_gmt":"2008-05-09T16:12:00","guid":{"rendered":"http:\/\/peresabat.wordpress.com\/2008\/05\/09\/9-de-maig-dia-deuropa"},"modified":"2008-05-09T16:12:00","modified_gmt":"2008-05-09T16:12:00","slug":"9-de-maig-dia-deuropa","status":"publish","type":"post","link":"https:\/\/www.blocdelsabat.cat\/?p=175","title":{"rendered":"9 de Maig, dia d&#8217;Europa"},"content":{"rendered":"<div align=\"justify\"><a href=\"http:\/\/peresabat.files.wordpress.com\/2008\/05\/ue1.jpg\"><img decoding=\"async\" alt=\"\" src=\"http:\/\/peresabat.files.wordpress.com\/2008\/05\/ue1.jpg?w=300\" border=\"0\" \/><\/a> <span style=\"font-family:arial;font-size:130%;\">Avui fa 58 anys a Par\u00eds es va produir un fet hist\u00f2ric. Un fet que avui celebrem. A Par\u00eds avui fa 58 anys es va llegir la declaraci\u00f3 Shuman. Aquesta declaraci\u00f3 va ser l\u2019inici de la construcci\u00f3 europea, l\u2019inici d\u2019un somni, l\u2019inici de la pau.<\/span><span style=\"font-family:arial;font-size:130%;\"><\/div>\n<div align=\"justify\">Avui doncs, \u00e9s el dia d\u2019Europa i \u00e9s un dia per celebrar, per\u00f2 sobretot per pensar. <\/div>\n<div align=\"justify\">Europa avui poc t\u00e9 a veure amb aquella inicial Europa dels 15. Avui Europa t\u00e9 aproximadament uns 500 milions de persones i en formen part 27 estats. Europa ja no \u00e9s nom\u00e9s una uni\u00f3 econ\u00f2mica sin\u00f3 que ara tamb\u00e9 \u00e9s una uni\u00f3 pol\u00edtica. Europa ha canviat. <\/div>\n<div align=\"justify\">Europa t\u00e9 davant seu grans desafiaments, per una banda ha de seguir sent un gegant econ\u00f2mic capa\u00e7 de competir amb els Estats Units, amb R\u00fassia i amb la cada cop m\u00e9s potent Xina. S\u2019acoten temps dif\u00edcils i complicats per l\u2019economia, i Europa hi ha de fer front. Un altre repte que t\u00e9 la Uni\u00f3 \u00e9s la dimensi\u00f3 pol\u00edtica. Rebutjat el Tractat Constitucional ara el Tractat de Lisboa ha d\u2019intentar fer avan\u00e7ar pol\u00edticament Europa cap a un refor\u00e7ament pol\u00edtic. Els Estats han de cedir poder pol\u00edtic a la Uni\u00f3. \u00daltimament s\u2019ha pogut veure com Europa ha actuat desunida en mat\u00e8ria internacional, ja que la majoria d\u2019estats han reconegut la independ\u00e8ncia de Kosovo, mentre que una minoria reaccionaria s\u2019hi ha mostrat histri\u00f2nicament en contra. Europa si vol avan\u00e7ar cap a un projecte pol\u00edtic seri\u00f3s ha d\u2019actuar amb una veu potent i \u00fanica en mat\u00e8ria internacional. A les tres de la matinada hi ha d\u2019haver una persona que pugui despenjar el tel\u00e8fon vermell. I ara no hi \u00e9s. <\/div>\n<div align=\"justify\">Europa tamb\u00e9 ha de fer front al debat sobre els fons de cohesi\u00f3, sobre on i sobre qu\u00e8 es destinen.<br \/>Europa a m\u00e9s, aviat s\u2019haur\u00e0 de posicionar sobre l\u2019ampliaci\u00f3 interna, ja que Esc\u00f2cia, Flandes, Euskadi i Catalunya estan iniciant projectes independentistes. Cal recordar que aquests projectes s\u00f3n, en la major part, projectes europeistes ja que no conceben altra alternativa que ingressar com a membres de la Uni\u00f3 Europea. Els estats petits en l\u2019actualitat s\u00f3n els que m\u00e9s i millor poden funcionar, i Europa els necessita. L\u2019ampliaci\u00f3 interna far\u00e0 m\u00e9s forta Europa, a m\u00e9s, les nacions que es volen independitzar s\u00f3n nacions riques, prosperes i treballadores, fet que les far\u00e0 ser donants m\u00e9s que no pas receptores dels fons de cohesi\u00f3. <\/div>\n<div align=\"justify\">La construcci\u00f3 europea \u00e9s un proc\u00e9s complicat i dif\u00edcil per\u00f2 necessari i benefici\u00f3s i que planteja nous horitzons i noves oportunitats. <\/div>\n<div align=\"justify\">El futur \u00e9s Europa, el futur \u00e9s nostre.<\/div>\n<p><\/span><\/p>\n<div class=\"blogger-post-footer\"><img width='1' height='1' src='https:\/\/blogger.googleusercontent.com\/tracker\/2467933452740288616-6681854820059517237?l=peresabat.blogspot.com' alt='' \/><\/div>\n","protected":false},"excerpt":{"rendered":"<p>Avui fa 58 anys a Par\u00eds es va produir un fet hist\u00f2ric. Un fet que avui celebrem. A Par\u00eds avui fa 58 anys es va llegir la declaraci\u00f3 Shuman. Aquesta declaraci\u00f3 va ser l\u2019inici de la construcci\u00f3 europea, l\u2019inici d\u2019un somni, l\u2019inici de la pau. Avui doncs, \u00e9s el dia d\u2019Europa i \u00e9s un dia&#8230;<\/p>\n","protected":false},"author":2,"featured_media":0,"comment_status":"open","ping_status":"open","sticky":false,"template":"","format":"standard","meta":{"footnotes":""},"categories":[26],"tags":[],"class_list":["post-175","post","type-post","status-publish","format-standard","hentry","category-uncategorized"],"_links":{"self":[{"href":"https:\/\/www.blocdelsabat.cat\/index.php?rest_route=\/wp\/v2\/posts\/175","targetHints":{"allow":["GET"]}}],"collection":[{"href":"https:\/\/www.blocdelsabat.cat\/index.php?rest_route=\/wp\/v2\/posts"}],"about":[{"href":"https:\/\/www.blocdelsabat.cat\/index.php?rest_route=\/wp\/v2\/types\/post"}],"author":[{"embeddable":true,"href":"https:\/\/www.blocdelsabat.cat\/index.php?rest_route=\/wp\/v2\/users\/2"}],"replies":[{"embeddable":true,"href":"https:\/\/www.blocdelsabat.cat\/index.php?rest_route=%2Fwp%2Fv2%2Fcomments&post=175"}],"version-history":[{"count":0,"href":"https:\/\/www.blocdelsabat.cat\/index.php?rest_route=\/wp\/v2\/posts\/175\/revisions"}],"wp:attachment":[{"href":"https:\/\/www.blocdelsabat.cat\/index.php?rest_route=%2Fwp%2Fv2%2Fmedia&parent=175"}],"wp:term":[{"taxonomy":"category","embeddable":true,"href":"https:\/\/www.blocdelsabat.cat\/index.php?rest_route=%2Fwp%2Fv2%2Fcategories&post=175"},{"taxonomy":"post_tag","embeddable":true,"href":"https:\/\/www.blocdelsabat.cat\/index.php?rest_route=%2Fwp%2Fv2%2Ftags&post=175"}],"curies":[{"name":"wp","href":"https:\/\/api.w.org\/{rel}","templated":true}]}}