{"id":178,"date":"2008-05-10T15:41:00","date_gmt":"2008-05-10T15:41:00","guid":{"rendered":"http:\/\/peresabat.wordpress.com\/2008\/05\/10\/imatges"},"modified":"2008-05-10T15:41:00","modified_gmt":"2008-05-10T15:41:00","slug":"imatges","status":"publish","type":"post","link":"https:\/\/www.blocdelsabat.cat\/?p=178","title":{"rendered":"Imatges"},"content":{"rendered":"<div align=\"justify\"><a href=\"http:\/\/peresabat.files.wordpress.com\/2008\/05\/logos1.jpg\"><img decoding=\"async\" alt=\"\" src=\"http:\/\/peresabat.files.wordpress.com\/2008\/05\/logos1.jpg?w=300\" border=\"0\" \/><\/a> <span style=\"font-family:arial;font-size:130%;\">Diuen, que sovint val m\u00e9s una imatge que mil paraules. I \u00e9s ben cert. En el m\u00f3n en que vivim, un m\u00f3n din\u00e0mic, estressant, fuga\u00e7, una imatge pot donar tota la informaci\u00f3 necess\u00e0ria sobre qualsevol tema. <\/span><span style=\"font-family:arial;font-size:130%;\"><\/div>\n<div align=\"justify\">Ahir amb uns amics parl\u00e0vem sobre el proc\u00e9s de prim\u00e0ries d\u2019Esquerra i sobre com les diverses candidatures aprofitaven la xarxa per transmetre les seves idees i programes. En la conversa tamb\u00e9 vam parlar sobre els d\u00edptics en paper, i el resultat \u00e9s clamor\u00f3s. Tot i que cap de nosaltres \u00e9s expert en imatge, es poden fer diverses consideracions. <\/div>\n<div align=\"justify\">Hi ha candidatures que sembla que estan encorades al passat, ja no nom\u00e9s en idees sin\u00f3 tamb\u00e9 en imatge.<br \/>Mirar el fullet\u00f3 de Reagrupament.Cat \u00e9s com mirar la propaganda del partit a meitat dels anys 90. RCat incompleix quasi tots els grans \u00edtems que la propaganda pol\u00edtica ha de complir, lletra massa petita, tot atape\u00eft, portada estil paleol\u00edtic, colors que casen menys que la nietissima i l\u2019Oleguer\u2026. Susp\u00e8s clar. Queda clar que la modernitat en imatge encara no ha arribat a certs llocs del pa\u00eds. <\/div>\n<div align=\"justify\">ERC Futur presenta un d\u00edptic, l\u2019\u00fanica candidatura que tamb\u00e9 el posa via internet, acceptable. Ara b\u00e9 els colors triats s\u00f3n horripilants. Combinaci\u00f3 de blanc i blau. Ja sabem que el Niub\u00f3 ha posat m\u00e9s d\u2019un cop amb la samarreta de l\u2019Espanyol, per\u00f2 tampoc n\u2019hi ha per tant. El logo de la candidatura tamb\u00e9 produeix calfreds, les &#8220;n&#8221; marcades en blau queden tant b\u00e9 com la Melani en bikini.<br \/>Tot i aix\u00ed s\u2019ha de recon\u00e8ixer un intent de canvi. La introducci\u00f3 del blanc \u00e9s positiva per\u00f2 la utilitzaci\u00f3 del blau \u00e9s una llic\u00e8ncia massa carregada de simbolisme com per passar-la per alt, ja que el blau \u00e9s el color que usen els partits conservadors. El resultat final \u00e9s tamb\u00e9 de susp\u00e8s. <\/div>\n<div align=\"justify\">Gent d\u2019Esquerra \u00e9s la candidatura que en aquest aspecte aposta clarament per seguir, amb alguns matisos, la imatge corporativa del partit sobretot en quan a colors. Ara b\u00e9, el web \u00e9s molt potent i el fullet\u00f3 tamb\u00e9. Lletra clara, text espaiat, colors que combinen, imatges\u2026<br \/>La veritat \u00e9s que aquest fullet\u00f3 encarna una modernitat que ni ERC Futur ni RCat oloren.<\/div>\n<div align=\"justify\">L\u2019altra candidatura que queda, la que s\u2019ha situat en segona posici\u00f3 en les prim\u00e0ries en nombre d\u2019avals, Esquerra Independentista, \u00e9s la que m\u00e9s innova i modernitza la imatge corporativa.<br \/>El tipus de lletra emparada \u00e9s modern, din\u00e0mic. Els colors s\u00f3n colors suaus i entren visualment.<br \/>EI demostra novament que \u00e9s la candidatura necess\u00e0ria per als temps que estem vivint, EI demostra que \u00e9s la candidatura que porta la modernitat al seu ADN, EI demostra novament que \u00e9s el canvi necessari per Esquerra. <\/div>\n<div align=\"justify\">Esquerra ha de fer un gran canvi en idees i formes, per\u00f2 tamb\u00e9 en imatge corporativa, idees com l\u2019Esquerra Digital van caure de manera sospitosa a finals de Juny del 2007. Esquerra en els \u00faltims quatre anys ha redissenyat la seva imatge de manera molt positiva, modernitzant-la i adaptant-la als nous temps. El que no es pot permetre el partit \u00e9s retrocedir anys i panys en aquest aspecte tant clau en els nostres dies. <\/div>\n<div align=\"justify\"><\/span> <\/div>\n<div class=\"blogger-post-footer\"><img width='1' height='1' src='https:\/\/blogger.googleusercontent.com\/tracker\/2467933452740288616-3621076748043580323?l=peresabat.blogspot.com' alt='' \/><\/div>\n","protected":false},"excerpt":{"rendered":"<p>Diuen, que sovint val m\u00e9s una imatge que mil paraules. I \u00e9s ben cert. En el m\u00f3n en que vivim, un m\u00f3n din\u00e0mic, estressant, fuga\u00e7, una imatge pot donar tota la informaci\u00f3 necess\u00e0ria sobre qualsevol tema. Ahir amb uns amics parl\u00e0vem sobre el proc\u00e9s de prim\u00e0ries d\u2019Esquerra i sobre com les diverses candidatures aprofitaven la&#8230;<\/p>\n","protected":false},"author":2,"featured_media":0,"comment_status":"open","ping_status":"open","sticky":false,"template":"","format":"standard","meta":{"footnotes":""},"categories":[26],"tags":[],"class_list":["post-178","post","type-post","status-publish","format-standard","hentry","category-uncategorized"],"_links":{"self":[{"href":"https:\/\/www.blocdelsabat.cat\/index.php?rest_route=\/wp\/v2\/posts\/178","targetHints":{"allow":["GET"]}}],"collection":[{"href":"https:\/\/www.blocdelsabat.cat\/index.php?rest_route=\/wp\/v2\/posts"}],"about":[{"href":"https:\/\/www.blocdelsabat.cat\/index.php?rest_route=\/wp\/v2\/types\/post"}],"author":[{"embeddable":true,"href":"https:\/\/www.blocdelsabat.cat\/index.php?rest_route=\/wp\/v2\/users\/2"}],"replies":[{"embeddable":true,"href":"https:\/\/www.blocdelsabat.cat\/index.php?rest_route=%2Fwp%2Fv2%2Fcomments&post=178"}],"version-history":[{"count":0,"href":"https:\/\/www.blocdelsabat.cat\/index.php?rest_route=\/wp\/v2\/posts\/178\/revisions"}],"wp:attachment":[{"href":"https:\/\/www.blocdelsabat.cat\/index.php?rest_route=%2Fwp%2Fv2%2Fmedia&parent=178"}],"wp:term":[{"taxonomy":"category","embeddable":true,"href":"https:\/\/www.blocdelsabat.cat\/index.php?rest_route=%2Fwp%2Fv2%2Fcategories&post=178"},{"taxonomy":"post_tag","embeddable":true,"href":"https:\/\/www.blocdelsabat.cat\/index.php?rest_route=%2Fwp%2Fv2%2Ftags&post=178"}],"curies":[{"name":"wp","href":"https:\/\/api.w.org\/{rel}","templated":true}]}}