{"id":179,"date":"2008-05-11T11:54:00","date_gmt":"2008-05-11T11:54:00","guid":{"rendered":"http:\/\/peresabat.wordpress.com\/2008\/05\/11\/personatge-de-la-setmana-monica-terribas"},"modified":"2008-05-11T11:54:00","modified_gmt":"2008-05-11T11:54:00","slug":"personatge-de-la-setmana-monica-terribas","status":"publish","type":"post","link":"https:\/\/www.blocdelsabat.cat\/?p=179","title":{"rendered":"Personatge de la setmana: M\u00f2nica Terribas"},"content":{"rendered":"<div align=\"justify\"><a href=\"http:\/\/peresabat.files.wordpress.com\/2008\/05\/terribas1.jpg\"><img decoding=\"async\" alt=\"\" src=\"http:\/\/peresabat.files.wordpress.com\/2008\/05\/terribas1.jpg?w=225\" border=\"0\" \/><\/a> <span style=\"font-family:arial;font-size:130%;\">Aquesta setmana s\u2019ha sabut que finalment M\u00f2nica Terribas ser\u00e0 la nova directora de TV3. Una magn\u00edfica not\u00edcia que sense dubte ha de permetre que la desnacionalitzaci\u00f3 de TV3 que amb l\u2019ex-ministre del PSOE al capdavant ha agafat velocitat de vertigen s\u2019acabi. <\/span><span style=\"font-family:arial;font-size:130%;\"><\/div>\n<div align=\"justify\">Aquests dies m\u2019ha vingut a la mem\u00f2ria una carta que va apar\u00e8ixer a la secci\u00f3 de Cartes al Director de L\u2019AVUI a finals del 2003. Aquesta carta, crec que la firmava una senyora, es va publicar pocs dies despr\u00e8s de l\u2019Acord del Tinell en uns moments de canvi, en uns moments quasi de revoluci\u00f3, en uns moments en qu\u00e8 creiem que ens podr\u00edem menjar el m\u00f3n i canviar profundament el pa\u00eds. Aquesta carta especulava sobre el fet que nomenessin a la M\u00f2nica Terribas directora de Catalunya Radio i venia a dir el que durant aquesta setmana molta gent ha dit. \u00c9s una gran not\u00edcia que la M\u00f2nica Terribas sigui la nova directora per\u00f2 alhora \u00e9s una ll\u00e0stima que &#8220;La Nit al Dia&#8221; perdi la seva presentadora que de manera brillant, amb rigor, amb professionalitat i amb una indubtable independ\u00e8ncia dels poders p\u00fablics ha liderat un programa excel\u00b7lent. <\/div>\n<div align=\"justify\">\u00c9s veritat, per\u00f2 el pa\u00eds necessita que les millors persones en cada lloc hi siguin quan el moment aix\u00ed ho requereixi, i ara ha arribat el moment Terribas, ara ha arribat el moment de la M\u00f2nica. <\/div>\n<div align=\"justify\">La nova Directora t\u00e9 davant seu grans reptes. La M\u00f2nica Terribas t\u00e9 davant seu la dif\u00edcil tasca de tornar el liderat a una cadena que en els \u00faltims quatre anys ha passat de ser l\u00edder indiscutible a ser mis\u00e8ria i companyia i a ocupar el tercer lloc, un tercer lloc que cap televisi\u00f3 amb voluntat de televisi\u00f3 nacional es pot permetre i menys en un pa\u00eds com el nostre. Tamb\u00e9 haur\u00e0 de tornar la visi\u00f3 nacional de la cadena, ja que per ser una cadena espanyola m\u00e9s, no calia fer TV3 que per aix\u00f2 ja hi ha TVE, Antena 3, Telecinco, Cuatro o la Sexta.<\/div>\n<div align=\"justify\">Nom\u00e9s queda doncs, desitjar tota la sort del m\u00f3n a la Terribas en el seu nou c\u00e0rrec. Si es capa\u00e7 de dirigir tant b\u00e9 com entrevista, nous aires arriben a TV3. Molta sort, Terribles! <\/div>\n<div align=\"justify\"><\/span> <\/div>\n<div class=\"blogger-post-footer\"><img width='1' height='1' src='https:\/\/blogger.googleusercontent.com\/tracker\/2467933452740288616-8551688996136541901?l=peresabat.blogspot.com' alt='' \/><\/div>\n","protected":false},"excerpt":{"rendered":"<p>Aquesta setmana s\u2019ha sabut que finalment M\u00f2nica Terribas ser\u00e0 la nova directora de TV3. Una magn\u00edfica not\u00edcia que sense dubte ha de permetre que la desnacionalitzaci\u00f3 de TV3 que amb l\u2019ex-ministre del PSOE al capdavant ha agafat velocitat de vertigen s\u2019acabi. Aquests dies m\u2019ha vingut a la mem\u00f2ria una carta que va apar\u00e8ixer a la&#8230;<\/p>\n","protected":false},"author":2,"featured_media":0,"comment_status":"open","ping_status":"open","sticky":false,"template":"","format":"standard","meta":{"footnotes":""},"categories":[26],"tags":[],"class_list":["post-179","post","type-post","status-publish","format-standard","hentry","category-uncategorized"],"_links":{"self":[{"href":"https:\/\/www.blocdelsabat.cat\/index.php?rest_route=\/wp\/v2\/posts\/179","targetHints":{"allow":["GET"]}}],"collection":[{"href":"https:\/\/www.blocdelsabat.cat\/index.php?rest_route=\/wp\/v2\/posts"}],"about":[{"href":"https:\/\/www.blocdelsabat.cat\/index.php?rest_route=\/wp\/v2\/types\/post"}],"author":[{"embeddable":true,"href":"https:\/\/www.blocdelsabat.cat\/index.php?rest_route=\/wp\/v2\/users\/2"}],"replies":[{"embeddable":true,"href":"https:\/\/www.blocdelsabat.cat\/index.php?rest_route=%2Fwp%2Fv2%2Fcomments&post=179"}],"version-history":[{"count":0,"href":"https:\/\/www.blocdelsabat.cat\/index.php?rest_route=\/wp\/v2\/posts\/179\/revisions"}],"wp:attachment":[{"href":"https:\/\/www.blocdelsabat.cat\/index.php?rest_route=%2Fwp%2Fv2%2Fmedia&parent=179"}],"wp:term":[{"taxonomy":"category","embeddable":true,"href":"https:\/\/www.blocdelsabat.cat\/index.php?rest_route=%2Fwp%2Fv2%2Fcategories&post=179"},{"taxonomy":"post_tag","embeddable":true,"href":"https:\/\/www.blocdelsabat.cat\/index.php?rest_route=%2Fwp%2Fv2%2Ftags&post=179"}],"curies":[{"name":"wp","href":"https:\/\/api.w.org\/{rel}","templated":true}]}}